{"id":5081,"date":"2025-12-15T16:08:41","date_gmt":"2025-12-15T15:08:41","guid":{"rendered":"https:\/\/en-classe.festivaldemarseille.com\/?p=5081"},"modified":"2025-12-15T16:08:44","modified_gmt":"2025-12-15T15:08:44","slug":"manifete-la-suite-aux-rencontres-de-leducation-populaire","status":"publish","type":"post","link":"https:\/\/en-classe.festivaldemarseille.com\/index.php\/2025\/12\/15\/manifete-la-suite-aux-rencontres-de-leducation-populaire\/","title":{"rendered":"Manif\u00eate, la suite &#8211; aux Rencontres de l\u2019\u00c9ducation Populaire"},"content":{"rendered":"<p>[et_pb_section fb_built=\u00a0\u00bb1&Prime; _builder_version=\u00a0\u00bb4.14.4&Prime; _module_preset=\u00a0\u00bbdefault\u00a0\u00bb global_colors_info=\u00a0\u00bb{}\u00a0\u00bb][et_pb_row _builder_version=\u00a0\u00bb4.14.4&Prime; _module_preset=\u00a0\u00bbdefault\u00a0\u00bb global_colors_info=\u00a0\u00bb{}\u00a0\u00bb][et_pb_column type=\u00a0\u00bb4_4&Prime; _builder_version=\u00a0\u00bb4.14.4&Prime; _module_preset=\u00a0\u00bbdefault\u00a0\u00bb global_colors_info=\u00a0\u00bb{}\u00a0\u00bb][et_pb_text _builder_version=\u00a0\u00bb4.14.4&Prime; _module_preset=\u00a0\u00bbdefault\u00a0\u00bb global_colors_info=\u00a0\u00bb{}\u00a0\u00bb]<\/p>\n<p>Quelques mois apr\u00e8s la Manif\u00eate, les \u00e9l\u00e8ves de l\u2019\u00e9cole Bois Lemaitre reviennent sur l&rsquo;exp\u00e9rience de la Manif\u00eate.<\/p>\n<p>Ils et elles \u00e9taient pr\u00e9sent\u00b7es ce vendredi 6 d\u00e9cembre aux <strong>Rencontres de l\u2019\u00c9ducation Populaire<\/strong> organis\u00e9es par la ville de Marseille.<\/p>\n<p>Les deux classes de CM1-CM2, compos\u00e9es d\u2019\u00e9l\u00e8ves ayant particip\u00e9 \u00e0 la Manif\u00eate l\u2019ann\u00e9e pr\u00e9c\u00e9dente, ont commenc\u00e9 par animer l\u2019\u00e9chauffement de la journ\u00e9e. Micro en main, les \u00e9l\u00e8ves ont appris le d\u00e9but de la chor\u00e9graphie finale aux participant\u00b7es pr\u00e9sent\u00b7es.<\/p>\n<p>&nbsp;<\/p>\n<p>[\/et_pb_text][et_pb_image src=\u00a0\u00bbhttps:\/\/en-classe.festivaldemarseille.com\/wp-content\/uploads\/2025\/12\/05.12.25_FDM_Manifete_Friche_\u00a9Pierre-Gondard-29.jpg\u00a0\u00bb title_text=\u00a0\u00bb05.12.25_FDM_Manife\u0302te_Friche_\u00a9Pierre-Gondard-29&Prime; _builder_version=\u00a0\u00bb4.14.4&Prime; _module_preset=\u00a0\u00bbdefault\u00a0\u00bb global_colors_info=\u00a0\u00bb{}\u00a0\u00bb][\/et_pb_image][et_pb_text admin_label=\u00a0\u00bbTexte\u00a0\u00bb _builder_version=\u00a0\u00bb4.14.4&Prime; _module_preset=\u00a0\u00bbdefault\u00a0\u00bb global_colors_info=\u00a0\u00bb{}\u00a0\u00bb]<\/p>\n<p>Le groupe a ensuite pris en charge un des ateliers de la matin\u00e9e\u00a0: pendant 1h30, les \u00e9l\u00e8ves ont guid\u00e9 les adultes pr\u00e9sent\u00b7es \u00e0 travers les diff\u00e9rents aspects de la Manif\u00eate.<\/p>\n<p>Pr\u00e9sentation orale, jeux autour de la chor\u00e9graphie et des slogans, exposition des banderoles et des pancartes&#8230; les \u00e9l\u00e8ves ont pens\u00e9 des formats tr\u00e8s vari\u00e9s pour <em>\u00ab\u00a0faire entrer les adultes dans leur univers\u00a0\u00bb<\/em> (objectif \u00e9nonc\u00e9 par les \u00e9l\u00e8ves).<\/p>\n<p>L\u2019atelier s\u2019est termin\u00e9 sur un temps d\u2019interview des \u00e9l\u00e8ves, par d&rsquo;autres \u00e9l\u00e8ves, avec des questions comme <em>\u00ab\u00a0Quelles \u00e9motions as-tu ressenti pendant la Manif\u00eate\u00a0? Et pourquoi\u00a0?\u00a0\u00bb<\/em><\/p>\n<p>[\/et_pb_text][et_pb_divider show_divider=\u00a0\u00bboff\u00a0\u00bb _builder_version=\u00a0\u00bb4.14.4&Prime; _module_preset=\u00a0\u00bbdefault\u00a0\u00bb global_colors_info=\u00a0\u00bb{}\u00a0\u00bb][\/et_pb_divider][\/et_pb_column][\/et_pb_row][et_pb_row column_structure=\u00a0\u00bb1_2,1_2&Prime; _builder_version=\u00a0\u00bb4.14.4&Prime; _module_preset=\u00a0\u00bbdefault\u00a0\u00bb global_colors_info=\u00a0\u00bb{}\u00a0\u00bb][et_pb_column type=\u00a0\u00bb1_2&Prime; _builder_version=\u00a0\u00bb4.14.4&Prime; _module_preset=\u00a0\u00bbdefault\u00a0\u00bb global_colors_info=\u00a0\u00bb{}\u00a0\u00bb][et_pb_image src=\u00a0\u00bbhttps:\/\/en-classe.festivaldemarseille.com\/wp-content\/uploads\/2025\/12\/05.12.25_FDM_Manifete_Friche_\u00a9Pierre-Gondard-84.jpg\u00a0\u00bb title_text=\u00a0\u00bb05.12.25_FDM_Manife\u0302te_Friche_\u00a9Pierre-Gondard-84&Prime; _builder_version=\u00a0\u00bb4.14.4&Prime; _module_preset=\u00a0\u00bbdefault\u00a0\u00bb global_colors_info=\u00a0\u00bb{}\u00a0\u00bb][\/et_pb_image][\/et_pb_column][et_pb_column type=\u00a0\u00bb1_2&Prime; _builder_version=\u00a0\u00bb4.14.4&Prime; _module_preset=\u00a0\u00bbdefault\u00a0\u00bb global_colors_info=\u00a0\u00bb{}\u00a0\u00bb][et_pb_image src=\u00a0\u00bbhttps:\/\/en-classe.festivaldemarseille.com\/wp-content\/uploads\/2025\/12\/05.12.25_FDM_Manifete_Friche_\u00a9Pierre-Gondard-86-e1765791326649.jpg\u00a0\u00bb title_text=\u00a0\u00bb05.12.25_FDM_Manife\u0302te_Friche_\u00a9Pierre-Gondard-86&Prime; _builder_version=\u00a0\u00bb4.14.4&Prime; _module_preset=\u00a0\u00bbdefault\u00a0\u00bb global_colors_info=\u00a0\u00bb{}\u00a0\u00bb][\/et_pb_image][\/et_pb_column][\/et_pb_row][et_pb_row _builder_version=\u00a0\u00bb4.14.4&Prime; _module_preset=\u00a0\u00bbdefault\u00a0\u00bb global_colors_info=\u00a0\u00bb{}\u00a0\u00bb][et_pb_column type=\u00a0\u00bb4_4&Prime; _builder_version=\u00a0\u00bb4.14.4&Prime; _module_preset=\u00a0\u00bbdefault\u00a0\u00bb global_colors_info=\u00a0\u00bb{}\u00a0\u00bb][et_pb_divider show_divider=\u00a0\u00bboff\u00a0\u00bb _builder_version=\u00a0\u00bb4.14.4&Prime; _module_preset=\u00a0\u00bbdefault\u00a0\u00bb global_colors_info=\u00a0\u00bb{}\u00a0\u00bb][\/et_pb_divider][et_pb_image src=\u00a0\u00bbhttps:\/\/en-classe.festivaldemarseille.com\/wp-content\/uploads\/2025\/12\/05.12.25_FDM_Manifete_Friche_\u00a9Pierre-Gondard-14.jpg\u00a0\u00bb title_text=\u00a0\u00bb05.12.25_FDM_Manife\u0302te_Friche_\u00a9Pierre-Gondard -14&Prime; _builder_version=\u00a0\u00bb4.14.4&Prime; _module_preset=\u00a0\u00bbdefault\u00a0\u00bb global_colors_info=\u00a0\u00bb{}\u00a0\u00bb][\/et_pb_image][et_pb_text _builder_version=\u00a0\u00bb4.14.4&Prime; _module_preset=\u00a0\u00bbdefault\u00a0\u00bb global_colors_info=\u00a0\u00bb{}\u00a0\u00bb]<\/p>\n<div class=\"et_pb_row et_pb_row_7\">\n<div class=\"et_pb_column et_pb_column_4_4 et_pb_column_8  et_pb_css_mix_blend_mode_passthrough et-last-child\">\n<div class=\"et_pb_module et_pb_text et_pb_text_2  et_pb_text_align_left et_pb_bg_layout_light\">\n<div class=\"et_pb_text_inner\">\n<div class=\"et_pb_row et_pb_row_5\">\n<div class=\"et_pb_column et_pb_column_4_4 et_pb_column_9  et_pb_css_mix_blend_mode_passthrough et-last-child\">\n<div class=\"et_pb_module et_pb_text et_pb_text_3  et_pb_text_align_left et_pb_bg_layout_light\">\n<div class=\"et_pb_text_inner\">\u00a9 Photos de Pierre Gondard<\/div>\n<\/div>\n<\/div>\n<\/div>\n<\/div>\n<\/div>\n<\/div>\n<\/div>\n<p>[\/et_pb_text][\/et_pb_column][\/et_pb_row][\/et_pb_section][et_pb_section fb_built=\u00a0\u00bb1&Prime; _builder_version=\u00a0\u00bb4.14.4&Prime; _module_preset=\u00a0\u00bbdefault\u00a0\u00bb global_colors_info=\u00a0\u00bb{}\u00a0\u00bb][et_pb_row _builder_version=\u00a0\u00bb4.14.4&Prime; _module_preset=\u00a0\u00bbdefault\u00a0\u00bb global_colors_info=\u00a0\u00bb{}\u00a0\u00bb][et_pb_column type=\u00a0\u00bb4_4&Prime; _builder_version=\u00a0\u00bb4.14.4&Prime; _module_preset=\u00a0\u00bbdefault\u00a0\u00bb global_colors_info=\u00a0\u00bb{}\u00a0\u00bb][et_pb_divider divider_style=\u00a0\u00bbdashed\u00a0\u00bb divider_weight=\u00a0\u00bb5px\u00a0\u00bb _builder_version=\u00a0\u00bb4.14.4&Prime; _module_preset=\u00a0\u00bbdefault\u00a0\u00bb global_colors_info=\u00a0\u00bb{}\u00a0\u00bb][\/et_pb_divider][\/et_pb_column][\/et_pb_row][et_pb_row _builder_version=\u00a0\u00bb4.14.4&Prime; _module_preset=\u00a0\u00bbdefault\u00a0\u00bb global_colors_info=\u00a0\u00bb{}\u00a0\u00bb][et_pb_column type=\u00a0\u00bb4_4&Prime; _builder_version=\u00a0\u00bb4.14.4&Prime; _module_preset=\u00a0\u00bbdefault\u00a0\u00bb global_colors_info=\u00a0\u00bb{}\u00a0\u00bb][et_pb_text _builder_version=\u00a0\u00bb4.14.4&Prime; _module_preset=\u00a0\u00bbdefault\u00a0\u00bb global_colors_info=\u00a0\u00bb{}\u00a0\u00bb]<\/p>\n<p><em><strong>La pr\u00e9paration de cet atelier<\/strong> <\/em><\/p>\n<p>Pendant le mois de novembre, une \u00e9quipe d\u2019adultes complices est intervenue dans les deux classes pour aider les \u00e9l\u00e8ves \u00e0 pr\u00e9parer leur intervention aux Rencontres de l\u2019\u00c9ducation Populaire.<\/p>\n<p>Pour commencer, un travail de m\u00e9moire a \u00e9t\u00e9 propos\u00e9, pour que les \u00e9l\u00e8ves se replongent dans le processus de la Manif\u00eate et commencent \u00e0 l\u2019analyser, pour mieux en parler.<\/p>\n<p>Ils et elles ont ensuite d\u00e9fini les diff\u00e9rentes fa\u00e7ons de parler du projet. Trois groupes se sont donc form\u00e9s :<\/p>\n<ul>\n<li>un groupe \u00ab\u00a0Raconter\u00a0\u00bb, pour d\u00e9crire la Manif\u00eate et ses enjeux avec des mots,<\/li>\n<li>un groupe \u00ab\u00a0Chor\u00e9graphie\u00a0\u00bb, pour transmettre, donner du sens et jouer avec les mouvements pens\u00e9s par Marina Gomes et la compagnie Hylel,<\/li>\n<li>un groupe \u00ab\u00a0Slogans\u00a0\u00bb, pour entrainer les adultes \u00e0 scander les mots qui avaient \u00e9t\u00e9 \u00e9crits et cri\u00e9s lors de la Manif\u00eate.<\/li>\n<\/ul>\n<p>A plusieurs reprises, les trois groupes se sont r\u00e9unis pour approfondir leurs propositions : les \u00e9l\u00e8ves se sont r\u00e9parti le travail, ont choisi leurs mots et r\u00e9dig\u00e9 les consignes pour guider les participant\u00b7es. Puis, ils et elles se sont entra\u00een\u00e9\u00b7es \u00e0 parler dans un micro, \u00e0 projeter leur voix, \u00e0 se placer de telle sorte que le public les comprenne&#8230;<\/p>\n<p>Les \u00e9l\u00e8ves ont \u00e9galement tenu \u00e0 montrer les pancartes et les banderoles avec lesquelles ils et elles ont d\u00e9fil\u00e9 le 12 juin, ainsi que les vid\u00e9os souvenirs de l\u2019\u00e9v\u00e9nement. Une exposition de tous ces \u00e9l\u00e9ments a donc \u00e9t\u00e9 install\u00e9e, exposition qui a fourni un parfait \u00e9crin pour leur atelier.<\/p>\n<p>[\/et_pb_text][et_pb_divider show_divider=\u00a0\u00bboff\u00a0\u00bb _builder_version=\u00a0\u00bb4.14.4&Prime; _module_preset=\u00a0\u00bbdefault\u00a0\u00bb global_colors_info=\u00a0\u00bb{}\u00a0\u00bb][\/et_pb_divider][\/et_pb_column][\/et_pb_row][et_pb_row column_structure=\u00a0\u00bb1_2,1_2&Prime; _builder_version=\u00a0\u00bb4.14.4&Prime; _module_preset=\u00a0\u00bbdefault\u00a0\u00bb global_colors_info=\u00a0\u00bb{}\u00a0\u00bb][et_pb_column type=\u00a0\u00bb1_2&Prime; _builder_version=\u00a0\u00bb4.14.4&Prime; _module_preset=\u00a0\u00bbdefault\u00a0\u00bb global_colors_info=\u00a0\u00bb{}\u00a0\u00bb][et_pb_image src=\u00a0\u00bbhttps:\/\/en-classe.festivaldemarseille.com\/wp-content\/uploads\/2025\/12\/05.12.25_FDM_Manifete_Friche_\u00a9Pierre-Gondard-39-1.jpg\u00a0\u00bb title_text=\u00a0\u00bb05.12.25_FDM_Manife\u0302te_Friche_\u00a9Pierre-Gondard-39&Prime; _builder_version=\u00a0\u00bb4.14.4&Prime; _module_preset=\u00a0\u00bbdefault\u00a0\u00bb global_colors_info=\u00a0\u00bb{}\u00a0\u00bb][\/et_pb_image][\/et_pb_column][et_pb_column type=\u00a0\u00bb1_2&Prime; _builder_version=\u00a0\u00bb4.14.4&Prime; _module_preset=\u00a0\u00bbdefault\u00a0\u00bb global_colors_info=\u00a0\u00bb{}\u00a0\u00bb][et_pb_image src=\u00a0\u00bbhttps:\/\/en-classe.festivaldemarseille.com\/wp-content\/uploads\/2025\/12\/05.12.25_FDM_Manifete_Friche_\u00a9Pierre-Gondard-38.jpg\u00a0\u00bb title_text=\u00a0\u00bb05.12.25_FDM_Manife\u0302te_Friche_\u00a9Pierre-Gondard-38&Prime; _builder_version=\u00a0\u00bb4.14.4&Prime; _module_preset=\u00a0\u00bbdefault\u00a0\u00bb global_colors_info=\u00a0\u00bb{}\u00a0\u00bb][\/et_pb_image][\/et_pb_column][\/et_pb_row][\/et_pb_section][et_pb_section fb_built=\u00a0\u00bb1&Prime; _builder_version=\u00a0\u00bb4.14.4&Prime; _module_preset=\u00a0\u00bbdefault\u00a0\u00bb global_colors_info=\u00a0\u00bb{}\u00a0\u00bb][et_pb_row _builder_version=\u00a0\u00bb4.14.4&Prime; _module_preset=\u00a0\u00bbdefault\u00a0\u00bb global_colors_info=\u00a0\u00bb{}\u00a0\u00bb][et_pb_column type=\u00a0\u00bb4_4&Prime; _builder_version=\u00a0\u00bb4.14.4&Prime; _module_preset=\u00a0\u00bbdefault\u00a0\u00bb global_colors_info=\u00a0\u00bb{}\u00a0\u00bb][et_pb_text _builder_version=\u00a0\u00bb4.14.4&Prime; _module_preset=\u00a0\u00bbdefault\u00a0\u00bb global_colors_info=\u00a0\u00bb{}\u00a0\u00bb]<\/p>\n<p style=\"text-align: right;\">Les ateliers de pr\u00e9paration ont \u00e9t\u00e9 men\u00e9s par Elise Baptiste-Voisin (Festival de Marseille), Anne-Claude Goustiaux et Julie Joaquim-Figueiredo (Badaboum th\u00e9\u00e2tre), Nadja Monnet (LAA-LAVUE UMR 7218-CNRS) et Emilie Petit (Momkin \u2013 Espaces des possibles).<br \/>Avec les enseignant\u00b7es des classes de CM1-CM2 de l&rsquo;\u00e9cole Bois Lemaitre<\/p>\n<p>[\/et_pb_text][\/et_pb_column][\/et_pb_row][\/et_pb_section][et_pb_section fb_built=\u00a0\u00bb1&Prime; _builder_version=\u00a0\u00bb4.14.4&Prime; _module_preset=\u00a0\u00bbdefault\u00a0\u00bb global_colors_info=\u00a0\u00bb{}\u00a0\u00bb][et_pb_row _builder_version=\u00a0\u00bb4.14.4&Prime; _module_preset=\u00a0\u00bbdefault\u00a0\u00bb global_colors_info=\u00a0\u00bb{}\u00a0\u00bb][et_pb_column type=\u00a0\u00bb4_4&Prime; _builder_version=\u00a0\u00bb4.14.4&Prime; _module_preset=\u00a0\u00bbdefault\u00a0\u00bb global_colors_info=\u00a0\u00bb{}\u00a0\u00bb][et_pb_text _builder_version=\u00a0\u00bb4.14.4&Prime; _module_preset=\u00a0\u00bbdefault\u00a0\u00bb global_colors_info=\u00a0\u00bb{}\u00a0\u00bb]<\/p>\n<p><a href=\"https:\/\/en-classe.festivaldemarseille.com\/index.php\/2025\/11\/24\/manifete-retour-en-images\/\">Allez d\u00e9couvrir la vid\u00e9o souvenir de la Manif\u00eate<\/a>.<\/p>\n<p>[\/et_pb_text][\/et_pb_column][\/et_pb_row][\/et_pb_section]<\/p>\n","protected":false},"excerpt":{"rendered":"<p>Quelques mois apr\u00e8s la Manif\u00eate, les \u00e9l\u00e8ves de l\u2019\u00e9cole Bois Lemaitre reviennent sur l&rsquo;exp\u00e9rience de la Manif\u00eate. Ils et elles \u00e9taient pr\u00e9sent\u00b7es ce vendredi 6 d\u00e9cembre aux Rencontres de l\u2019\u00c9ducation Populaire organis\u00e9es par la ville de Marseille. Les deux classes de CM1-CM2, compos\u00e9es d\u2019\u00e9l\u00e8ves ayant particip\u00e9 \u00e0 la Manif\u00eate l\u2019ann\u00e9e pr\u00e9c\u00e9dente, ont commenc\u00e9 par animer [&hellip;]<\/p>\n","protected":false},"author":1,"featured_media":5084,"comment_status":"open","ping_status":"open","sticky":false,"template":"","format":"standard","meta":{"_et_pb_use_builder":"on","_et_pb_old_content":"","_et_gb_content_width":"","jetpack_post_was_ever_published":false,"_jetpack_newsletter_access":"","_jetpack_dont_email_post_to_subs":false,"_jetpack_newsletter_tier_id":0,"_jetpack_memberships_contains_paywalled_content":false,"_jetpack_memberships_contains_paid_content":false,"footnotes":""},"categories":[17],"tags":[],"class_list":["post-5081","post","type-post","status-publish","format-standard","has-post-thumbnail","hentry","category-manifete"],"jetpack_featured_media_url":"https:\/\/en-classe.festivaldemarseille.com\/wp-content\/uploads\/2025\/12\/05.12.25_FDM_Manifete_Friche_\u00a9Pierre-Gondard-72.jpg","jetpack_sharing_enabled":true,"_links":{"self":[{"href":"https:\/\/en-classe.festivaldemarseille.com\/index.php\/wp-json\/wp\/v2\/posts\/5081","targetHints":{"allow":["GET"]}}],"collection":[{"href":"https:\/\/en-classe.festivaldemarseille.com\/index.php\/wp-json\/wp\/v2\/posts"}],"about":[{"href":"https:\/\/en-classe.festivaldemarseille.com\/index.php\/wp-json\/wp\/v2\/types\/post"}],"author":[{"embeddable":true,"href":"https:\/\/en-classe.festivaldemarseille.com\/index.php\/wp-json\/wp\/v2\/users\/1"}],"replies":[{"embeddable":true,"href":"https:\/\/en-classe.festivaldemarseille.com\/index.php\/wp-json\/wp\/v2\/comments?post=5081"}],"version-history":[{"count":44,"href":"https:\/\/en-classe.festivaldemarseille.com\/index.php\/wp-json\/wp\/v2\/posts\/5081\/revisions"}],"predecessor-version":[{"id":5137,"href":"https:\/\/en-classe.festivaldemarseille.com\/index.php\/wp-json\/wp\/v2\/posts\/5081\/revisions\/5137"}],"wp:featuredmedia":[{"embeddable":true,"href":"https:\/\/en-classe.festivaldemarseille.com\/index.php\/wp-json\/wp\/v2\/media\/5084"}],"wp:attachment":[{"href":"https:\/\/en-classe.festivaldemarseille.com\/index.php\/wp-json\/wp\/v2\/media?parent=5081"}],"wp:term":[{"taxonomy":"category","embeddable":true,"href":"https:\/\/en-classe.festivaldemarseille.com\/index.php\/wp-json\/wp\/v2\/categories?post=5081"},{"taxonomy":"post_tag","embeddable":true,"href":"https:\/\/en-classe.festivaldemarseille.com\/index.php\/wp-json\/wp\/v2\/tags?post=5081"}],"curies":[{"name":"wp","href":"https:\/\/api.w.org\/{rel}","templated":true}]}}