{"id":413,"date":"2021-05-17T15:18:04","date_gmt":"2021-05-17T13:18:04","guid":{"rendered":"http:\/\/en-classe.festivaldemarseille.com\/?p=413"},"modified":"2021-09-08T14:14:35","modified_gmt":"2021-09-08T12:14:35","slug":"presentation-des-classes-du-festival-de-marseille","status":"publish","type":"post","link":"https:\/\/en-classe.festivaldemarseille.com\/index.php\/2021\/05\/17\/presentation-des-classes-du-festival-de-marseille\/","title":{"rendered":"Pr\u00e9sentation des classes du Festival de Marseille"},"content":{"rendered":"\n<p class=\"has-light-green-cyan-background-color has-background\">Le Festival de Marseille rencontre les classes de diff\u00e9rentes \u00e9coles de la r\u00e9gion qui participent \u00e0 ses parcours. <br><br>Les CM2 de l&rsquo;\u00e9cole Peyssonnel 2 suivent le parcours \u00ab\u00a0en coulisse\u00a0\u00bb du Festival. \u00c0 cette occasion, les \u00e9l\u00e8ves ont cr\u00e9\u00e9 une vid\u00e9o de pr\u00e9sentation en choisissant deux mots qui les d\u00e9crivent. <\/p>\n\n\n\n<figure class=\"wp-block-video\"><video height=\"720\" style=\"aspect-ratio: 1280 \/ 720;\" width=\"1280\" autoplay controls loop src=\"https:\/\/en-classe.festivaldemarseille.com\/wp-content\/uploads\/2021\/05\/CM2A-e\u0301cole-Peyssonnel2.mp4\" playsinline><\/video><figcaption>[love_me]<\/figcaption><\/figure>\n\n\n\n<p class=\"has-black-color has-pale-pink-background-color has-text-color has-background\">La classe de CM1-CM2 de l&rsquo;\u00e9cole La Viste Bousquet suit quant \u00e0 elle le parcours Clin d&rsquo;Oeil du Festival de Marseille. Les \u00e9l\u00e8ves se pr\u00e9sentent dans la vid\u00e9o ci-dessous \u00e0 travers des pas de danse !<\/p>\n\n\n\n<figure class=\"wp-block-embed is-type-video is-provider-vimeo wp-block-embed-vimeo wp-embed-aspect-16-9 wp-has-aspect-ratio\"><div class=\"wp-block-embed__wrapper\">\n<iframe loading=\"lazy\" title=\"LA VISTE BOUSQUET presentation Festival Marseille.mp4\" src=\"https:\/\/player.vimeo.com\/video\/600134167?h=0520b37607&amp;dnt=1&amp;app_id=122963\" width=\"1080\" height=\"608\" frameborder=\"0\" allow=\"autoplay; fullscreen; picture-in-picture\" allowfullscreen><\/iframe>\n<\/div><figcaption>[love_me]<\/figcaption><\/figure>\n\n\n\n<p>Cr\u00e9e toi aussi ta vid\u00e9o de classe avec ton instituteur ou ton institutrice et envoie la par mail \u00e0 l&rsquo;adresse suivante : rp5@festivaldemarseille.com . <\/p>\n","protected":false},"excerpt":{"rendered":"<p>Le Festival de Marseille rencontre les classes de diff\u00e9rentes \u00e9coles de la r\u00e9gion qui participent \u00e0 ses parcours. Les CM2 de l&rsquo;\u00e9cole Peyssonnel 2 suivent le parcours \u00ab\u00a0en coulisse\u00a0\u00bb du Festival. \u00c0 cette occasion, les \u00e9l\u00e8ves ont cr\u00e9\u00e9 une vid\u00e9o de pr\u00e9sentation en choisissant deux mots qui les d\u00e9crivent. La classe de CM1-CM2 de l&rsquo;\u00e9cole [&hellip;]<\/p>\n","protected":false},"author":1,"featured_media":458,"comment_status":"open","ping_status":"open","sticky":false,"template":"","format":"standard","meta":{"_et_pb_use_builder":"","_et_pb_old_content":"","_et_gb_content_width":"","jetpack_post_was_ever_published":false,"_jetpack_newsletter_access":"","_jetpack_dont_email_post_to_subs":false,"_jetpack_newsletter_tier_id":0,"_jetpack_memberships_contains_paywalled_content":false,"_jetpack_memberships_contains_paid_content":false,"footnotes":""},"categories":[4],"tags":[],"class_list":["post-413","post","type-post","status-publish","format-standard","has-post-thumbnail","hentry","category-production-des-eleves"],"jetpack_featured_media_url":"https:\/\/en-classe.festivaldemarseille.com\/wp-content\/uploads\/2021\/05\/Capture-de\u0301cran-2021-06-02-a\u0300-09.48.01.png","jetpack_sharing_enabled":true,"_links":{"self":[{"href":"https:\/\/en-classe.festivaldemarseille.com\/index.php\/wp-json\/wp\/v2\/posts\/413","targetHints":{"allow":["GET"]}}],"collection":[{"href":"https:\/\/en-classe.festivaldemarseille.com\/index.php\/wp-json\/wp\/v2\/posts"}],"about":[{"href":"https:\/\/en-classe.festivaldemarseille.com\/index.php\/wp-json\/wp\/v2\/types\/post"}],"author":[{"embeddable":true,"href":"https:\/\/en-classe.festivaldemarseille.com\/index.php\/wp-json\/wp\/v2\/users\/1"}],"replies":[{"embeddable":true,"href":"https:\/\/en-classe.festivaldemarseille.com\/index.php\/wp-json\/wp\/v2\/comments?post=413"}],"version-history":[{"count":6,"href":"https:\/\/en-classe.festivaldemarseille.com\/index.php\/wp-json\/wp\/v2\/posts\/413\/revisions"}],"predecessor-version":[{"id":582,"href":"https:\/\/en-classe.festivaldemarseille.com\/index.php\/wp-json\/wp\/v2\/posts\/413\/revisions\/582"}],"wp:featuredmedia":[{"embeddable":true,"href":"https:\/\/en-classe.festivaldemarseille.com\/index.php\/wp-json\/wp\/v2\/media\/458"}],"wp:attachment":[{"href":"https:\/\/en-classe.festivaldemarseille.com\/index.php\/wp-json\/wp\/v2\/media?parent=413"}],"wp:term":[{"taxonomy":"category","embeddable":true,"href":"https:\/\/en-classe.festivaldemarseille.com\/index.php\/wp-json\/wp\/v2\/categories?post=413"},{"taxonomy":"post_tag","embeddable":true,"href":"https:\/\/en-classe.festivaldemarseille.com\/index.php\/wp-json\/wp\/v2\/tags?post=413"}],"curies":[{"name":"wp","href":"https:\/\/api.w.org\/{rel}","templated":true}]}}