{"id":2610,"date":"2024-05-13T09:36:33","date_gmt":"2024-05-13T07:36:33","guid":{"rendered":"https:\/\/en-classe.festivaldemarseille.com\/?page_id=2610"},"modified":"2025-09-01T15:47:03","modified_gmt":"2025-09-01T13:47:03","slug":"programmation-jeunesse-2024","status":"publish","type":"post","link":"https:\/\/en-classe.festivaldemarseille.com\/index.php\/2024\/05\/13\/programmation-jeunesse-2024\/","title":{"rendered":"Programmation jeunesse 2024"},"content":{"rendered":"<p>[et_pb_section fb_built=\u00a0\u00bb1&Prime; _builder_version=\u00a0\u00bb4.14.4&Prime; _module_preset=\u00a0\u00bbdefault\u00a0\u00bb global_colors_info=\u00a0\u00bb{}\u00a0\u00bb][et_pb_row _builder_version=\u00a0\u00bb4.14.4&Prime; _module_preset=\u00a0\u00bbdefault\u00a0\u00bb custom_margin=\u00a0\u00bb50px||||false|false\u00a0\u00bb global_colors_info=\u00a0\u00bb{}\u00a0\u00bb][et_pb_column type=\u00a0\u00bb4_4&Prime; _builder_version=\u00a0\u00bb4.14.4&Prime; _module_preset=\u00a0\u00bbdefault\u00a0\u00bb global_colors_info=\u00a0\u00bb{}\u00a0\u00bb][\/et_pb_column][\/et_pb_row][et_pb_row _builder_version=\u00a0\u00bb4.14.4&Prime; _module_preset=\u00a0\u00bbdefault\u00a0\u00bb max_width=\u00a0\u00bb2031px\u00a0\u00bb min_height=\u00a0\u00bb108.4px\u00a0\u00bb height=\u00a0\u00bb100px\u00a0\u00bb max_height=\u00a0\u00bb108px\u00a0\u00bb custom_margin=\u00a0\u00bb-115px|auto|-20px|auto|false|false\u00a0\u00bb global_colors_info=\u00a0\u00bb{}\u00a0\u00bb][et_pb_column type=\u00a0\u00bb4_4&Prime; _builder_version=\u00a0\u00bb4.14.4&Prime; _module_preset=\u00a0\u00bbdefault\u00a0\u00bb global_colors_info=\u00a0\u00bb{}\u00a0\u00bb][et_pb_post_title meta=\u00a0\u00bboff\u00a0\u00bb featured_image=\u00a0\u00bboff\u00a0\u00bb _builder_version=\u00a0\u00bb4.14.4&Prime; _module_preset=\u00a0\u00bbdefault\u00a0\u00bb title_font=\u00a0\u00bbMontserrat||||||||\u00a0\u00bb title_text_align=\u00a0\u00bbcenter\u00a0\u00bb title_font_size=\u00a0\u00bb30px\u00a0\u00bb title_letter_spacing=\u00a0\u00bb8px\u00a0\u00bb title_line_height=\u00a0\u00bb1.8em\u00a0\u00bb background_color=\u00a0\u00bbgcid-1ed58627-65dc-4b78-a58c-8bd6aa28d8a3&Prime; custom_margin=\u00a0\u00bb-49px||22px||false|false\u00a0\u00bb global_colors_info=\u00a0\u00bb{%22gcid-1ed58627-65dc-4b78-a58c-8bd6aa28d8a3%22:%91%22background_color%22%93}\u00a0\u00bb][\/et_pb_post_title][et_pb_text _builder_version=\u00a0\u00bb4.14.4&Prime; _module_preset=\u00a0\u00bbdefault\u00a0\u00bb text_font=\u00a0\u00bbMontserrat||||||||\u00a0\u00bb global_colors_info=\u00a0\u00bb{}\u00a0\u00bb]<\/p>\n<p>La programmation compl\u00e8te du Festival sur notre site <a href=\"https:\/\/www.festivaldemarseille.com\/\" target=\"_blank\" rel=\"noopener\">festivaldemarseille.com.<\/a>\u00a0 Sur cette page, vous pourrez retrouver des ressources et informations sur les spectacles s\u00e9lectionn\u00e9s pour les publics scolaires.<\/p>\n<p>[\/et_pb_text][\/et_pb_column][\/et_pb_row][et_pb_row _builder_version=\u00a0\u00bb4.14.4&Prime; _module_preset=\u00a0\u00bbdefault\u00a0\u00bb custom_margin=\u00a0\u00bb1px||-49px||false|false\u00a0\u00bb global_colors_info=\u00a0\u00bb{}\u00a0\u00bb][et_pb_column type=\u00a0\u00bb4_4&Prime; _builder_version=\u00a0\u00bb4.14.4&Prime; _module_preset=\u00a0\u00bbdefault\u00a0\u00bb global_colors_info=\u00a0\u00bb{}\u00a0\u00bb][et_pb_text _builder_version=\u00a0\u00bb4.14.4&Prime; _module_preset=\u00a0\u00bbdefault\u00a0\u00bb text_font=\u00a0\u00bbMontserrat||||||||\u00a0\u00bb text_font_size=\u00a0\u00bb25px\u00a0\u00bb header_font=\u00a0\u00bbGeorgia||||||||\u00a0\u00bb background_color=\u00a0\u00bbgcid-67c005a5-dc6b-4d8c-bc0d-ae4a0dfa4dd9&Prime; custom_margin=\u00a0\u00bb25px||35px||false|false\u00a0\u00bb global_colors_info=\u00a0\u00bb{%22gcid-67c005a5-dc6b-4d8c-bc0d-ae4a0dfa4dd9%22:%91%22background_color%22%93}\u00a0\u00bb]<\/p>\n<p style=\"text-align: center;\">Les s\u00e9ances scolaires en journ\u00e9e<\/p>\n<p>[\/et_pb_text][et_pb_text _builder_version=\u00a0\u00bb4.14.4&Prime; _module_preset=\u00a0\u00bbdefault\u00a0\u00bb text_font=\u00a0\u00bbMontserrat||||||||\u00a0\u00bb global_colors_info=\u00a0\u00bb{}\u00a0\u00bb]<\/p>\n<p style=\"text-align: justify;\">Pour l&rsquo;\u00e9dition 2024 du Festival, deux s\u00e9ances sont r\u00e9serv\u00e9es au public scolaire. Il s&rsquo;agit d&rsquo;abord d<strong>e la sortie de r\u00e9sidence de Freedom Sonata, dernier spectacle de la compagnie d&rsquo;Emanuel Gat <\/strong>; ainsi que d&rsquo;une <strong>repr\u00e9sentation du dernier spectacle de la compagnie de Robin Orlyn<\/strong>. Ces deux s\u00e9ances ont lieu le jeudi 13 juin et le vendredi 14 arp\u00e8s-midi.<\/p>\n<p>[\/et_pb_text][\/et_pb_column][\/et_pb_row][et_pb_row column_structure=\u00a0\u00bb1_2,1_2&Prime; _builder_version=\u00a0\u00bb4.14.4&Prime; _module_preset=\u00a0\u00bbdefault\u00a0\u00bb custom_margin=\u00a0\u00bb0px|auto|-103px|auto|false|false\u00a0\u00bb global_colors_info=\u00a0\u00bb{}\u00a0\u00bb][et_pb_column type=\u00a0\u00bb1_2&Prime; _builder_version=\u00a0\u00bb4.14.4&Prime; _module_preset=\u00a0\u00bbdefault\u00a0\u00bb global_colors_info=\u00a0\u00bb{}\u00a0\u00bb][et_pb_text _builder_version=\u00a0\u00bb4.14.4&Prime; _module_preset=\u00a0\u00bbdefault\u00a0\u00bb text_font=\u00a0\u00bbMontserrat||||||||\u00a0\u00bb text_font_size=\u00a0\u00bb16px\u00a0\u00bb header_font_size=\u00a0\u00bb28px\u00a0\u00bb background_color=\u00a0\u00bbgcid-1ed58627-65dc-4b78-a58c-8bd6aa28d8a3&Prime; custom_margin=\u00a0\u00bb40px||15px||false|false\u00a0\u00bb border_width_all=\u00a0\u00bb2px\u00a0\u00bb global_colors_info=\u00a0\u00bb{%22gcid-1ed58627-65dc-4b78-a58c-8bd6aa28d8a3%22:%91%22background_color%22%93}\u00a0\u00bb]<\/p>\n<p style=\"text-align: center;\"><em><strong>Freedom Sonata<\/strong><\/em><\/p>\n<p style=\"text-align: center;\"><strong>Emmanuel Gat\u00a0<\/strong><\/p>\n<p style=\"text-align: center;\">Sortie de r\u00e9sidence, le jeudi 13 juin \u00e0 14h<strong><br \/><\/strong><\/p>\n<p>[\/et_pb_text][et_pb_text _builder_version=\u00a0\u00bb4.14.4&Prime; _module_preset=\u00a0\u00bbdefault\u00a0\u00bb text_font=\u00a0\u00bbMontserrat||||||||\u00a0\u00bb text_font_size=\u00a0\u00bb13px\u00a0\u00bb header_font_size=\u00a0\u00bb28px\u00a0\u00bb background_color=\u00a0\u00bb#FFFFFF\u00a0\u00bb global_colors_info=\u00a0\u00bb{}\u00a0\u00bb]<\/p>\n<p style=\"text-align: justify;\"><strong>Cosmopolite, m\u00e9diterran\u00e9enne et solaire, Marseille inspire \u00e0 Emanuel Gat une sonate chor\u00e9graphique, musicale et dramaturgique en trois mouvements, d\u00e9ploy\u00e9e dans un espace th\u00e9\u00e2tral aux effets changeants, du noir au blanc\u2026 Une travers\u00e9e imaginaire baign\u00e9e de lumi\u00e8re comme un contrepoint \u00e0 la musique et \u00e0 la danse.<\/strong><\/p>\n<p style=\"text-align: justify;\">&#8211;<\/p>\n<div class=\"single__text expand__content text-content is-opened\" style=\"display: block;\">\n<p>Pour sa premi\u00e8re pi\u00e8ce marseillaise, Emanuel Gat invite ses danseur\u00b7ses historiques et de nouvelles\u00b7aux venu\u00b7es, onze interpr\u00e8tes, \u00e0 f\u00eater ses 30 ans de chor\u00e9graphie et d\u2019exploration musicale dans une ode \u00e0 la ville o\u00f9 il a choisi de vivre. Portrait fictif, sensible, aur\u00e9ol\u00e9 de la lumi\u00e8re m\u00e9diterran\u00e9enne, imagin\u00e9 comme une interpr\u00e9tation libre et contemporaine de la forme musicale classique de la sonate. D\u00e9j\u00e0 dans son tout premier solo<em>\u00a0Four Dances<\/em>, cr\u00e9\u00e9 \u00e0 Tel-Aviv en 1994, la musique de Bach l\u2019accompagnait. Aujourd\u2019hui, deux \u0153uvres majeures, issues de deux champs musicaux diff\u00e9rents, rythment son nouvel opus\u2009: la musique classique, avec le second mouvement de la <em>Sonate n\u00b0\u200932\u00a0<\/em>pour piano de Beethoven interpr\u00e9t\u00e9 par Mitsuko Ushida, qui y entend une proximit\u00e9 avec le jazz, et l\u2019album <em>The Life of Pablo<\/em> du musicien, producteur et rappeur Kanye West\u2009! Le tout donnant lieu \u00e0 une chor\u00e9graphie toujours spectaculaire, \u00e0 l\u2019\u00e9nergie vitale, port\u00e9e par les compositions sculpturales dont le chor\u00e9graphe a le secret. Des flux et reflux incessants \u00e0 la r\u00e9elle beaut\u00e9 plastique, en \u00e9cho \u00e0 la vie, aux paysages, aux mouvements intrins\u00e8ques de Marseille, source d\u2019inspiration in\u00e9puisable pour \u00e9voquer une mani\u00e8re de vivre ensemble, une alchimie humaine particuli\u00e8re transcend\u00e9e par la cr\u00e9ation chor\u00e9graphique et musicale. Les relations entre l\u2019individu et le collectif, l\u2019\u00e9rosion de la notion de libert\u00e9 sont au c\u0153ur de ce nouvel opus.<\/p>\n<p><em>Coproduction Festival de Marseille<\/em><\/p>\n<p><em><\/em><\/p>\n<p><em><\/em><\/p>\n<\/div>\n<p style=\"text-align: justify;\">[\/et_pb_text][et_pb_blurb title=\u00a0\u00bbSalut les artistes en herbe !\u00a0\u00bb _builder_version=\u00a0\u00bb4.14.4&Prime; _module_preset=\u00a0\u00bbdefault\u00a0\u00bb header_font=\u00a0\u00bbAnton||||||||\u00a0\u00bb header_text_align=\u00a0\u00bbcenter\u00a0\u00bb header_font_size=\u00a0\u00bb18px\u00a0\u00bb text_orientation=\u00a0\u00bbjustified\u00a0\u00bb global_colors_info=\u00a0\u00bb{}\u00a0\u00bb]<\/p>\n<p>Une r\u00e9sidence d&rsquo;artiste, c&rsquo;est un peu comme une bulle magique o\u00f9 les artistes se retrouvent pour donner vie \u00e0 leurs id\u00e9es les plus folles. Pendant cette p\u00e9riode, ils travaillent dur sur leurs projets cr\u00e9atifs, que ce soit la musique, les mouvements chor\u00e9graphi\u00e9s ou\u00a0 les textes ! Ils ont la chance de rencontrer d&rsquo;autres artistes talentueux\u00b7euses et des professionnel\u00b7les du monde de l&rsquo;art (ing\u00e9nieur\u00b7es son et lumi\u00e8res, sc\u00e9nographes, dramaturges&#8230;).<\/p>\n<p>Mais devinez quoi ? Parfois, ils ouvrent m\u00eame leurs portes au public ! C&rsquo;est l&rsquo;occasion id\u00e9ale pour vous de voir leur travail en cours, de poser des questions et m\u00eame de donner votre avis avant la GRANDE PREMI\u00c8RE. C&rsquo;est comme si vous faisiez partie de leur aventure artistique !<\/p>\n<p>Alors, la prochaine fois que vous entendrez parler d&rsquo;une r\u00e9sidence d&rsquo;artiste, n&rsquo;h\u00e9sitez pas \u00e0 aller y jeter un coup d&rsquo;\u0153il. Vous verrez, c&rsquo;est une exp\u00e9rience extraordinaire o\u00f9 la cr\u00e9ativit\u00e9 est \u00e0 l&rsquo;honneur et o\u00f9 chaque id\u00e9e est une p\u00e9pite \u00e0 d\u00e9couvrir !<\/p>\n<p>[\/et_pb_blurb][\/et_pb_column][et_pb_column type=\u00a0\u00bb1_2&Prime; _builder_version=\u00a0\u00bb4.14.4&Prime; _module_preset=\u00a0\u00bbdefault\u00a0\u00bb global_colors_info=\u00a0\u00bb{}\u00a0\u00bb][et_pb_gallery gallery_ids=\u00a0\u00bb2615,2617&Prime; _builder_version=\u00a0\u00bb4.14.4&Prime; _module_preset=\u00a0\u00bbdefault\u00a0\u00bb background_layout=\u00a0\u00bbdark\u00a0\u00bb min_height=\u00a0\u00bb400px\u00a0\u00bb max_height=\u00a0\u00bb1000px\u00a0\u00bb custom_margin=\u00a0\u00bb40px||-20px||false|false\u00a0\u00bb global_colors_info=\u00a0\u00bb{}\u00a0\u00bb][\/et_pb_gallery][et_pb_gallery gallery_ids=\u00a0\u00bb2616&Prime; _builder_version=\u00a0\u00bb4.14.4&Prime; _module_preset=\u00a0\u00bbdefault\u00a0\u00bb background_layout=\u00a0\u00bbdark\u00a0\u00bb max_width=\u00a0\u00bb82%\u00a0\u00bb min_height=\u00a0\u00bb569px\u00a0\u00bb height=\u00a0\u00bb792px\u00a0\u00bb max_height=\u00a0\u00bb308px\u00a0\u00bb custom_margin=\u00a0\u00bb180px||-20px|44px|false|false\u00a0\u00bb global_colors_info=\u00a0\u00bb{}\u00a0\u00bb][\/et_pb_gallery][\/et_pb_column][\/et_pb_row][et_pb_row column_structure=\u00a0\u00bb1_3,1_3,1_3&Prime; _builder_version=\u00a0\u00bb4.14.4&Prime; _module_preset=\u00a0\u00bbdefault\u00a0\u00bb custom_margin=\u00a0\u00bb135px||||false|false\u00a0\u00bb global_colors_info=\u00a0\u00bb{}\u00a0\u00bb][et_pb_column type=\u00a0\u00bb1_3&Prime; _builder_version=\u00a0\u00bb4.14.4&Prime; _module_preset=\u00a0\u00bbdefault\u00a0\u00bb global_colors_info=\u00a0\u00bb{}\u00a0\u00bb][et_pb_video src=\u00a0\u00bbhttps:\/\/en-classe.festivaldemarseille.com\/wp-content\/uploads\/2024\/04\/gat_1.mp4&Prime; _builder_version=\u00a0\u00bb4.14.4&Prime; _module_preset=\u00a0\u00bbdefault\u00a0\u00bb global_colors_info=\u00a0\u00bb{}\u00a0\u00bb][\/et_pb_video][et_pb_video src=\u00a0\u00bbhttps:\/\/youtu.be\/GXjARK3DyXs\u00a0\u00bb _builder_version=\u00a0\u00bb4.14.4&Prime; _module_preset=\u00a0\u00bbdefault\u00a0\u00bb global_colors_info=\u00a0\u00bb{}\u00a0\u00bb][\/et_pb_video][\/et_pb_column][et_pb_column type=\u00a0\u00bb1_3&Prime; _builder_version=\u00a0\u00bb4.14.4&Prime; _module_preset=\u00a0\u00bbdefault\u00a0\u00bb global_colors_info=\u00a0\u00bb{}\u00a0\u00bb][et_pb_audio audio=\u00a0\u00bbhttps:\/\/en-classe.festivaldemarseille.com\/wp-content\/uploads\/2024\/04\/Ultralight-Beam.mp3&Prime; title=\u00a0\u00bbUltralight Beam \u00a0\u00bb artist_name=\u00a0\u00bb Kanye West\u00a0\u00bb album_name=\u00a0\u00bbThe Life Of Pabl\u00a0\u00bb _builder_version=\u00a0\u00bb4.14.4&Prime; _module_preset=\u00a0\u00bbdefault\u00a0\u00bb background_color=\u00a0\u00bbgcid-1ed58627-65dc-4b78-a58c-8bd6aa28d8a3&Prime; background_layout=\u00a0\u00bblight\u00a0\u00bb global_colors_info=\u00a0\u00bb{%22gcid-1ed58627-65dc-4b78-a58c-8bd6aa28d8a3%22:%91%22background_color%22%93}\u00a0\u00bb][\/et_pb_audio][et_pb_audio audio=\u00a0\u00bbhttps:\/\/en-classe.festivaldemarseille.com\/wp-content\/uploads\/2024\/04\/Beethoven-Piano-Sonata-No.-32-in-C-Minor-Op.-111-2.-Arietta.-Adagio-molto-semplice-e-cantabile.mp3&Prime; title=\u00a0\u00bbBeethoven: Piano Sonata No. 32 in C Minor\u00a0\u00bb artist_name=\u00a0\u00bbMitsuko Uchida\u00a0\u00bb album_name=\u00a0\u00bbBeethoven: Piano Sonatas Nos.30, 31 &#038; 32&Prime; _builder_version=\u00a0\u00bb4.14.4&Prime; _module_preset=\u00a0\u00bbdefault\u00a0\u00bb background_color=\u00a0\u00bbgcid-1ed58627-65dc-4b78-a58c-8bd6aa28d8a3&Prime; background_layout=\u00a0\u00bblight\u00a0\u00bb global_colors_info=\u00a0\u00bb{%22gcid-1ed58627-65dc-4b78-a58c-8bd6aa28d8a3%22:%91%22background_color%22%93}\u00a0\u00bb][\/et_pb_audio][\/et_pb_column][et_pb_column type=\u00a0\u00bb1_3&Prime; _builder_version=\u00a0\u00bb4.14.4&Prime; _module_preset=\u00a0\u00bbdefault\u00a0\u00bb global_colors_info=\u00a0\u00bb{}\u00a0\u00bb][et_pb_blurb title=\u00a0\u00bbInformations pratiques\u00a0\u00bb _builder_version=\u00a0\u00bb4.14.4&Prime; _module_preset=\u00a0\u00bbdefault\u00a0\u00bb header_text_align=\u00a0\u00bbcenter\u00a0\u00bb header_font_size=\u00a0\u00bb18px\u00a0\u00bb background_color=\u00a0\u00bbgcid-67c005a5-dc6b-4d8c-bc0d-ae4a0dfa4dd9&Prime; text_orientation=\u00a0\u00bbjustified\u00a0\u00bb min_height=\u00a0\u00bb170px\u00a0\u00bb height=\u00a0\u00bb200px\u00a0\u00bb max_height=\u00a0\u00bb1000px\u00a0\u00bb custom_margin=\u00a0\u00bb1px||||false|false\u00a0\u00bb border_width_all=\u00a0\u00bb2px\u00a0\u00bb border_color_all=\u00a0\u00bb#000000&Prime; global_colors_info=\u00a0\u00bb{%22gcid-67c005a5-dc6b-4d8c-bc0d-ae4a0dfa4dd9%22:%91%22background_color%22%93}\u00a0\u00bb]<\/p>\n<p style=\"text-align: center;\"><span style=\"color: #ff0000;\"><strong>O\u00f9 ?<\/strong><\/span> <strong>Klap Maison pour la danse <\/strong><em>(<span>5 avenue Rostand 13003 Marseille<\/span>)<br \/><\/em><strong><span style=\"color: #ff0000;\">Quand ?<\/span><\/strong> <strong>Jeudi 14 juin<\/strong> de 14h00 \u00e0 15h30<br \/>R\u00e9servations au 04 91 99 02 59<br \/>ou rp5[@]festivaldemarseille.com<\/p>\n<p style=\"text-align: center;\">\n<p style=\"text-align: center;\"><em><\/em><\/p>\n<p style=\"text-align: center;\">\n<p>[\/et_pb_blurb][et_pb_blurb title=\u00a0\u00bb2 r\u00e9presentations en soir\u00e9e\u00a0\u00bb _builder_version=\u00a0\u00bb4.14.4&Prime; _module_preset=\u00a0\u00bbdefault\u00a0\u00bb header_text_align=\u00a0\u00bbcenter\u00a0\u00bb header_font_size=\u00a0\u00bb18px\u00a0\u00bb background_color=\u00a0\u00bbgcid-67c005a5-dc6b-4d8c-bc0d-ae4a0dfa4dd9&Prime; text_orientation=\u00a0\u00bbjustified\u00a0\u00bb min_height=\u00a0\u00bb170px\u00a0\u00bb height=\u00a0\u00bb210px\u00a0\u00bb max_height=\u00a0\u00bb1000px\u00a0\u00bb custom_margin=\u00a0\u00bb1px||||false|false\u00a0\u00bb border_width_all=\u00a0\u00bb2px\u00a0\u00bb border_color_all=\u00a0\u00bb#000000&Prime; global_colors_info=\u00a0\u00bb{%22gcid-67c005a5-dc6b-4d8c-bc0d-ae4a0dfa4dd9%22:%91%22background_color%22%93}\u00a0\u00bb]<\/p>\n<p style=\"text-align: center;\"><span style=\"color: #ff0000;\"><strong>O\u00f9 ?<\/strong><\/span> <strong>Th\u00e9\u00e2tre National de la Cri\u00e9e <\/strong><em>(30, <span>Quai de Rive Neuve 13007 Marseille<\/span>)<br \/><\/em><strong><span style=\"color: #ff0000;\">Quand ?<\/span><\/strong> <strong>Jeudi 20 juin<\/strong> 21h<br \/><strong>Vendredi 20 juin<\/strong> 19h<br \/>R\u00e9servations au 04 91 99 02 59<br \/>ou rp5[@]festivaldemarseille.com<\/p>\n<p style=\"text-align: center;\"><em><\/em><\/p>\n<p style=\"text-align: center;\">[\/et_pb_blurb][\/et_pb_column][\/et_pb_row][et_pb_row _builder_version=\u00a0\u00bb4.14.4&Prime; _module_preset=\u00a0\u00bbdefault\u00a0\u00bb global_colors_info=\u00a0\u00bb{}\u00a0\u00bb][et_pb_column type=\u00a0\u00bb4_4&Prime; _builder_version=\u00a0\u00bb4.14.4&Prime; _module_preset=\u00a0\u00bbdefault\u00a0\u00bb global_colors_info=\u00a0\u00bb{}\u00a0\u00bb][et_pb_divider show_divider=\u00a0\u00bboff\u00a0\u00bb _builder_version=\u00a0\u00bb4.14.4&Prime; _module_preset=\u00a0\u00bbdefault\u00a0\u00bb global_colors_info=\u00a0\u00bb{}\u00a0\u00bb][\/et_pb_divider][\/et_pb_column][\/et_pb_row][et_pb_row _builder_version=\u00a0\u00bb4.14.4&Prime; _module_preset=\u00a0\u00bbdefault\u00a0\u00bb global_colors_info=\u00a0\u00bb{}\u00a0\u00bb][et_pb_column type=\u00a0\u00bb4_4&Prime; _builder_version=\u00a0\u00bb4.14.4&Prime; _module_preset=\u00a0\u00bbdefault\u00a0\u00bb global_colors_info=\u00a0\u00bb{}\u00a0\u00bb][et_pb_divider _builder_version=\u00a0\u00bb4.14.4&Prime; _module_preset=\u00a0\u00bbdefault\u00a0\u00bb background_color=\u00a0\u00bbgcid-1ed58627-65dc-4b78-a58c-8bd6aa28d8a3&Prime; global_colors_info=\u00a0\u00bb{%22gcid-1ed58627-65dc-4b78-a58c-8bd6aa28d8a3%22:%91%22background_color%22%93}\u00a0\u00bb][\/et_pb_divider][\/et_pb_column][\/et_pb_row][et_pb_row column_structure=\u00a0\u00bb1_2,1_2&Prime; _builder_version=\u00a0\u00bb4.14.4&Prime; _module_preset=\u00a0\u00bbdefault\u00a0\u00bb module_alignment=\u00a0\u00bbcenter\u00a0\u00bb min_height=\u00a0\u00bb834.2px\u00a0\u00bb custom_margin=\u00a0\u00bb|235px|0px|235px|false|false\u00a0\u00bb custom_padding=\u00a0\u00bb10px||||false|false\u00a0\u00bb global_colors_info=\u00a0\u00bb{}\u00a0\u00bb][et_pb_column type=\u00a0\u00bb1_2&Prime; _builder_version=\u00a0\u00bb4.14.4&Prime; _module_preset=\u00a0\u00bbdefault\u00a0\u00bb global_colors_info=\u00a0\u00bb{}\u00a0\u00bb][et_pb_text _builder_version=\u00a0\u00bb4.14.4&Prime; _module_preset=\u00a0\u00bbdefault\u00a0\u00bb text_font=\u00a0\u00bbMontserrat||||||||\u00a0\u00bb text_font_size=\u00a0\u00bb16px\u00a0\u00bb background_color=\u00a0\u00bbgcid-1ed58627-65dc-4b78-a58c-8bd6aa28d8a3&Prime; custom_padding=\u00a0\u00bb||2px|||\u00a0\u00bb global_colors_info=\u00a0\u00bb{%22gcid-1ed58627-65dc-4b78-a58c-8bd6aa28d8a3%22:%91%22background_color%22%93}\u00a0\u00bb]<\/p>\n<p style=\"text-align: center;\"><span><em>.<strong>..How in salts desert is it possible to blossom&#8230; <\/strong><\/em><\/span><\/p>\n<p style=\"text-align: center;\"><strong>\u00a0Robyn Orlin, Garage Dance Ensemble et Ukhoikhoi<\/strong><\/p>\n<p style=\"text-align: center;\"><span>S\u00e9ance scolaire, le vendredi 14 juin \u00e0 14h, Th\u00e9\u00e2tre de la Cri\u00e9e<\/span><\/p>\n<p>[\/et_pb_text][et_pb_text _builder_version=\u00a0\u00bb4.14.4&Prime; _module_preset=\u00a0\u00bbdefault\u00a0\u00bb text_font=\u00a0\u00bbMontserrat||||||||\u00a0\u00bb text_font_size=\u00a0\u00bb14px\u00a0\u00bb background_color=\u00a0\u00bb#FFFFFF\u00a0\u00bb custom_padding=\u00a0\u00bb||0px|||\u00a0\u00bb global_colors_info=\u00a0\u00bb{}\u00a0\u00bb]<\/p>\n<p style=\"text-align: justify;\"><strong><em>How in salts desert is it possible to blossom\u2026 <\/em>(comment peut-on fleurir dans un de\u0301sert de sel&#8230;) est une joyeuse collaboration entre Robyn Orlin, le Garage Dance Ensemble et le groupe Ukhoikhoi. Cette cr\u00e9ation, coproduite par le Festival de Marseille, est un appel \u00e0 la gu\u00e9rison apr\u00e8s le traumatisme, au beau temps apr\u00e8s la temp\u00eate, \u00e0 la floraison apr\u00e8s la s\u00e8cheresse\u2026<\/strong><\/p>\n<p style=\"text-align: justify;\">Avec son \u00e9criture chor\u00e9graphique exub\u00e9rante et color\u00e9e, Robin imagine une cr\u00e9ation qui d\u00e9nonce les violences v\u00e9cues dans la r\u00e9gion d\u2019Okiep, en Afrique du Sud. Ancienne colonie hollandaise, cette r\u00e9gion aride est connu pour son exploitation de cuivre, de min\u00e9raux et de pierres semi-pr\u00e9cieuses. Elle connait de longues p\u00e9riodes de violences sociales, sexistes, et subi une n\u00e9gation de sa culture et des identit\u00e9s qui y habitent.<\/p>\n<p style=\"text-align: justify;\">La chor\u00e9graphe ne souhaite pas seulement raconter l\u2019histoire des victimes mais aussi et surtout permettre une compr\u00e9hension collective des agissements commis pour cr\u00e9er un processus de gu\u00e9rison. Pour la chor\u00e9graphe, l\u2019histoire de la r\u00e9gion d\u2019Okiep concentre celle de l\u2019Afrique du Sud colonis\u00e9e, de la richesse de sa culture, de son humour et de son humanit\u00e9, ou d\u00e9shumanit\u00e9.<\/p>\n<p>En 2022, elle d\u00e9cide de se rendre \u00e0 Okiep pour visiter la r\u00e9gion et rencontrer les membres du Garage Dance Ensemble. D\u00e8s 2023, ils cr\u00e9ent ensemble un spectacle qui\u00a0 questionne le pouvoir, les hi\u00e9rarchies sociales et sexuelles \u00e0 travers une vision ludique et humoristique pour cr\u00e9er une harmonie, une coexistence, une \u00e9galit\u00e9 entre toustes.<\/p>\n<p>Six danseurs de la compagnie Garage Dance Ensemble seront ainsi pr\u00e9sents sur sc\u00e8ne. Ils seront accompagn\u00e9s de deux musiciens du groupe Ukhoikhoi. \u00c9galement originaire d&rsquo;Afrique du Sud, leur musique est caract\u00e9ris\u00e9e par un m\u00e9lange d\u2019\u00e9lectro, d\u2019op\u00e9ra, de po\u00e9sie et de rap ainsi que l\u2019utilisation de nombreux instruments, traditionnels ou non.<\/p>\n<p>[\/et_pb_text][et_pb_blurb title=\u00a0\u00bbInformations pratiques\u00a0\u00bb _builder_version=\u00a0\u00bb4.14.4&Prime; _module_preset=\u00a0\u00bbdefault\u00a0\u00bb header_text_align=\u00a0\u00bbcenter\u00a0\u00bb header_font_size=\u00a0\u00bb18px\u00a0\u00bb background_color=\u00a0\u00bbgcid-67c005a5-dc6b-4d8c-bc0d-ae4a0dfa4dd9&Prime; text_orientation=\u00a0\u00bbjustified\u00a0\u00bb max_width=\u00a0\u00bb100%\u00a0\u00bb min_height=\u00a0\u00bb269px\u00a0\u00bb height=\u00a0\u00bb391px\u00a0\u00bb max_height=\u00a0\u00bb1000px\u00a0\u00bb custom_margin=\u00a0\u00bb||166px|||\u00a0\u00bb border_width_all=\u00a0\u00bb1px\u00a0\u00bb global_colors_info=\u00a0\u00bb{%22gcid-67c005a5-dc6b-4d8c-bc0d-ae4a0dfa4dd9%22:%91%22background_color%22%93}\u00a0\u00bb]<\/p>\n<p style=\"text-align: center;\"><span style=\"color: #ff0000;\"><strong>O\u00f9 ?<\/strong><\/span> Au Th\u00e9\u00e2tre National de <strong>La Cri\u00e9e\u00a0<\/strong><em>(30 Quai de Rive Neuve, 13007 Marseille)<\/em><\/p>\n<p style=\"text-align: center;\"><strong><span style=\"color: #ff0000;\">Quand ?<\/span><\/strong> <strong>Vendredi<\/strong> <b>14 juin<\/b> \u00e0 14h<em><\/em><\/p>\n<p style=\"text-align: center;\"><em>Deux s\u00e9ances tout public auront \u00e9galement lieu <\/em><em>le samedi 15 juin \u00e0 20h30 et le dimanche 16 juin \u00e0 16h \u00e0 la Cri\u00e9e.<\/em><\/p>\n<p style=\"text-align: center;\"><strong>Vous avez des questions ?<\/strong> Pour plus d&rsquo;informations et pour avoir acc\u00e8s au dossier p\u00e9dagogique, contactez nous !<\/p>\n<p style=\"text-align: center;\">Par mail : <a href=\"mailto:rp5@festivaldemarseille\">rp5[@]festivaldemarseille<\/a> ou par t\u00e9l\u00e9phone : 04 91 99 00 28<\/p>\n<p>[\/et_pb_blurb][\/et_pb_column][et_pb_column type=\u00a0\u00bb1_2&Prime; _builder_version=\u00a0\u00bb4.14.4&Prime; _module_preset=\u00a0\u00bbdefault\u00a0\u00bb global_colors_info=\u00a0\u00bb{}\u00a0\u00bb][et_pb_gallery gallery_ids=\u00a0\u00bb2668,2672,2669,2670,2671&Prime; _builder_version=\u00a0\u00bb4.14.4&Prime; _module_preset=\u00a0\u00bbdefault\u00a0\u00bb background_layout=\u00a0\u00bbdark\u00a0\u00bb custom_margin=\u00a0\u00bb50px||||false|false\u00a0\u00bb global_colors_info=\u00a0\u00bb{}\u00a0\u00bb][\/et_pb_gallery][\/et_pb_column][\/et_pb_row][et_pb_row _builder_version=\u00a0\u00bb4.14.4&Prime; _module_preset=\u00a0\u00bbdefault\u00a0\u00bb custom_margin=\u00a0\u00bb50px||0px||false|false\u00a0\u00bb global_colors_info=\u00a0\u00bb{}\u00a0\u00bb][et_pb_column type=\u00a0\u00bb4_4&Prime; _builder_version=\u00a0\u00bb4.14.4&Prime; _module_preset=\u00a0\u00bbdefault\u00a0\u00bb global_colors_info=\u00a0\u00bb{}\u00a0\u00bb][et_pb_text _builder_version=\u00a0\u00bb4.14.4&Prime; _module_preset=\u00a0\u00bbdefault\u00a0\u00bb text_font=\u00a0\u00bbMontserrat||||||||\u00a0\u00bb text_font_size=\u00a0\u00bb25px\u00a0\u00bb background_color=\u00a0\u00bbgcid-1ed58627-65dc-4b78-a58c-8bd6aa28d8a3&Prime; global_colors_info=\u00a0\u00bb{%22gcid-1ed58627-65dc-4b78-a58c-8bd6aa28d8a3%22:%91%22background_color%22%93}\u00a0\u00bb]<\/p>\n<p style=\"text-align: center;\">\n<p style=\"text-align: center;\">Les s\u00e9ances en soir\u00e9e pens\u00e9es pour les jeunes<\/p>\n<p style=\"text-align: center;\">[\/et_pb_text][et_pb_text _builder_version=\u00a0\u00bb4.14.4&Prime; _module_preset=\u00a0\u00bbdefault\u00a0\u00bb text_font=\u00a0\u00bbMontserrat||||||||\u00a0\u00bb text_font_size=\u00a0\u00bb17px\u00a0\u00bb background_color=\u00a0\u00bb#FFFFFF\u00a0\u00bb custom_margin=\u00a0\u00bb||25px||false|false\u00a0\u00bb global_colors_info=\u00a0\u00bb{}\u00a0\u00bb][\/et_pb_text][\/et_pb_column][\/et_pb_row][et_pb_row column_structure=\u00a0\u00bb1_3,1_3,1_3&Prime; _builder_version=\u00a0\u00bb4.14.4&Prime; _module_preset=\u00a0\u00bbdefault\u00a0\u00bb width=\u00a0\u00bb75%\u00a0\u00bb max_width=\u00a0\u00bb1651px\u00a0\u00bb min_height=\u00a0\u00bb1000px\u00a0\u00bb height=\u00a0\u00bb1000px\u00a0\u00bb max_height=\u00a0\u00bb1000px\u00a0\u00bb custom_margin=\u00a0\u00bb0px||0px||false|false\u00a0\u00bb custom_padding=\u00a0\u00bb0px||0px||false|false\u00a0\u00bb global_colors_info=\u00a0\u00bb{}\u00a0\u00bb][et_pb_column type=\u00a0\u00bb1_3&Prime; _builder_version=\u00a0\u00bb4.14.4&Prime; _module_preset=\u00a0\u00bbdefault\u00a0\u00bb global_colors_info=\u00a0\u00bb{}\u00a0\u00bb][et_pb_team_member name=\u00a0\u00bbA\u00efchoucha &#8211; Khalil Epi\u00a0\u00bb position=\u00a0\u00bbVEN. 14 JUIN 22h\ufeff  &#8211; Centre de la Vieille Charit\u00e9\u00a0\u00bb image_url=\u00a0\u00bbhttps:\/\/en-classe.festivaldemarseille.com\/wp-content\/uploads\/2024\/04\/Fdm2024_Aichoucha2_KhalilEpicHamzaBennour-.png\u00a0\u00bb _builder_version=\u00a0\u00bb4.14.4&Prime; _module_preset=\u00a0\u00bbdefault\u00a0\u00bb header_font=\u00a0\u00bbMontserrat||||||||\u00a0\u00bb body_font=\u00a0\u00bb||||||||\u00a0\u00bb position_font=\u00a0\u00bbGeorgia||||||||\u00a0\u00bb width=\u00a0\u00bb100%\u00a0\u00bb global_colors_info=\u00a0\u00bb{}\u00a0\u00bb]<\/p>\n<div class=\"flex flex-grow flex-col max-w-full\">\n<div data-message-author-role=\"assistant\" data-message-id=\"08b5a3ab-61db-47b0-807d-aa4ca233d5e7\" dir=\"auto\" class=\"min-h-[20px] text-message flex flex-col items-start gap-3 whitespace-pre-wrap break-words [.text-message+&amp;]:mt-5 overflow-x-auto\">\n<div class=\"markdown prose w-full break-words dark:prose-invert light\">\n<p><strong><\/strong><\/p>\n<p><strong>Une soir\u00e9e \u00e9pique \u00e0 ne pas manquer !<\/strong> \ud83c\udfb5\ud83c\udfb6\ud83c\udfb5<\/p>\n<p>Vous \u00eates pr\u00eat\u00b7es \u00e0 vivre une soir\u00e9e de folie pour l&rsquo;ouverture du Festival ? \u00c7a va \u00eatre le feu avec Khalil Epi, un artiste tunisien qui va nous emmener dans un voyage extraordinaire \u00e0 travers la musique et la culture de son pays !<\/p>\n<p>\ud83c\udfb6 <strong>Quoi ?<\/strong><br \/>Un concert vid\u00e9o explosif avec des musiques populaires tunisiennes ! On va vibrer au son des rythmes traditionnels, m\u00e9lang\u00e9s avec de l&rsquo;\u00e9lectro pour une exp\u00e9rience musicale unique !<\/p>\n<p><strong>Qui est Khalil Epi ? \ud83c\udfa5\u00a0<\/strong><br \/>C&rsquo;est un artiste qui combine musique et vid\u00e9o pour cr\u00e9er un univers magique. Il va nous transporter directement en Tunisie, \u00e0 la d\u00e9couverte des traditions musicales et des sonorit\u00e9s modernes. Pr\u00e9parez-vous \u00e0 \u00eatre \u00e9bloui\u00b7es !<\/p>\n<p><strong>Spectacle suivi de DJ set Benjemy<\/strong><\/p>\n<p>Alors, les jeunes, pr\u00e9parez-vous \u00e0 vivre une exp\u00e9rience inoubliable avec Khalil Epi ! C&rsquo;est l&rsquo;occasion parfaite de d\u00e9couvrir la richesse de la musique tunisienne tout en s&rsquo;amusant comme jamais ! On se voit l\u00e0-bas, pr\u00eats \u00e0 danser jusqu&rsquo;au bout de la nuit !<\/p>\n<div class=\"single-prices \">\n<div class=\"single-prices__content\">\n<p><strong>Tarif<br \/><\/strong>Entr\u00e9e libre dans la limite des places disponibles<\/p>\n<\/div>\n<\/div>\n<\/div>\n<\/div>\n<\/div>\n<div class=\"mt-1 flex gap-3 empty:hidden\">\n<div class=\"text-gray-400 flex self-end lg:self-center items-center justify-center lg:justify-start mt-0 -ml-1 h-7 gap-[2px] visible\"><span class=\"\" data-state=\"closed\"><\/span><\/div>\n<\/div>\n<div class=\"flex\"><\/div>\n<p>[\/et_pb_team_member][et_pb_video_slider _builder_version=\u00a0\u00bb4.14.4&Prime; _module_preset=\u00a0\u00bbdefault\u00a0\u00bb width=\u00a0\u00bb100%\u00a0\u00bb max_width=\u00a0\u00bb100%\u00a0\u00bb min_height=\u00a0\u00bb1000px\u00a0\u00bb height=\u00a0\u00bb1000px\u00a0\u00bb max_height=\u00a0\u00bb247px\u00a0\u00bb global_colors_info=\u00a0\u00bb{}\u00a0\u00bb][et_pb_video_slider_item admin_title=\u00a0\u00bbG.R.O.O.V.E Bintou Demb\u00e9l\u00e9\u00a0\u00bb src=\u00a0\u00bbhttps:\/\/en-classe.festivaldemarseille.com\/wp-content\/uploads\/2024\/04\/teaser-trailer-Aichoucha.mp4&Prime; _builder_version=\u00a0\u00bb4.14.4&Prime; _module_preset=\u00a0\u00bbdefault\u00a0\u00bb global_colors_info=\u00a0\u00bb{}\u00a0\u00bb show_image_overlay=\u00a0\u00bboff\u00a0\u00bb][\/et_pb_video_slider_item][\/et_pb_video_slider][\/et_pb_column][et_pb_column type=\u00a0\u00bb1_3&Prime; _builder_version=\u00a0\u00bb4.14.4&Prime; _module_preset=\u00a0\u00bbdefault\u00a0\u00bb global_colors_info=\u00a0\u00bb{}\u00a0\u00bb][et_pb_team_member name=\u00a0\u00bbNafaq 4: Extending Further-Nafaq\u00a0\u00bb position=\u00a0\u00bbLUN. 17, MAR.18 JUIN 19h &#8211; Klap Maison pour la danse\u00a0\u00bb image_url=\u00a0\u00bbhttps:\/\/en-classe.festivaldemarseille.com\/wp-content\/uploads\/2024\/04\/FdM2024_Nafaq-4-Extending-Further_Nafaq\u00a9Ziad-Hassan_2-scaled.jpg\u00a0\u00bb _builder_version=\u00a0\u00bb4.14.4&Prime; _module_preset=\u00a0\u00bbdefault\u00a0\u00bb header_font=\u00a0\u00bbMontserrat||||||||\u00a0\u00bb body_font=\u00a0\u00bb||||||||\u00a0\u00bb position_font=\u00a0\u00bbGeorgia||||||||\u00a0\u00bb width=\u00a0\u00bb100%\u00a0\u00bb link_option_url=\u00a0\u00bbfile:\/\/\/Users\/stagiaire\/Downloads\/EMANUEL%20GAT%20.pdf\u00a0\u00bb global_colors_info=\u00a0\u00bb{}\u00a0\u00bb]<\/p>\n<div class=\"layoutArea\">\n<p><strong>Une pulsion de cr\u00e9ativit\u00e9 et de muvement !\ud83d\udd25\u00a0<\/strong><\/p>\n<p>Plongez au c\u0153ur de l&rsquo;\u00e9nergie cr\u00e9atrice de la sc\u00e8ne contemporaine \u00e9gyptienne avec le collectif f\u00e9minin cairote Nafaq ! Cette pi\u00e8ce envo\u00fbtante fusionne avec audace diff\u00e9rents styles de danse contemporaine et hip-hop pour explorer l&rsquo;espace et les relations humaines.<\/p>\n<p>\ud83d\udc6f\u200d\u2640\ufe0f <strong>Qui sont-elles ?<\/strong><br \/>Hanin Tarek et Amina Abouelghar, deux passionn\u00e9es de mouvement et de danse, dipl\u00f4m\u00e9es du MAAT\/Cairo Contemporary Dance Center. Ensemble, elles ont fond\u00e9 le collectif Nafaq, d\u00e9termin\u00e9es \u00e0 repousser les limites de l&rsquo;expression artistique.<\/p>\n<p><strong>Qu&rsquo;est-ce que Nafaq 4: <em>Extending-Further<\/em> ?<\/strong><br \/>Une pi\u00e8ce captivante o\u00f9 virtuosit\u00e9 et compl\u00e9mentarit\u00e9 se rencontrent. Dans une obscurit\u00e9 quasi magique, elles se fondent dans l&rsquo;espace, s&rsquo;enlacent, s&rsquo;\u00e9loignent, dans une danse tant\u00f4t saccad\u00e9e, tant\u00f4t enveloppante.<\/p>\n<p><strong>Tarif<\/strong><br \/>10 \u20ac &#8211; (Pass culture, e-Pass jeunes, Coll\u00e8giens de Provence)<\/p>\n<p>&nbsp;<\/p>\n<p><span style=\"font-size: 11.000000pt; font-family: 'UtopiaStd';\"><\/span><\/p>\n<\/div>\n<p>[\/et_pb_team_member][et_pb_gallery gallery_ids=\u00a0\u00bb2642,2641&Prime; _builder_version=\u00a0\u00bb4.14.4&Prime; _module_preset=\u00a0\u00bbdefault\u00a0\u00bb global_colors_info=\u00a0\u00bb{}\u00a0\u00bb][\/et_pb_gallery][\/et_pb_column][et_pb_column type=\u00a0\u00bb1_3&Prime; _builder_version=\u00a0\u00bb4.14.4&Prime; _module_preset=\u00a0\u00bbdefault\u00a0\u00bb global_colors_info=\u00a0\u00bb{}\u00a0\u00bb][et_pb_team_member name=\u00a0\u00bbWhile we are here &#8211; Lisa Vereertbrugghen &#8211; CAMPO\u00a0\u00bb position=\u00a0\u00bbDIM. 23, LUN 24 JUIN 21h30  &#8211; Mucem &#8211; Place d&rsquo;Armes du Fort Saint-Jean\u00a0\u00bb image_url=\u00a0\u00bbhttps:\/\/en-classe.festivaldemarseille.com\/wp-content\/uploads\/2024\/04\/while-we-are-here-pp-ok.jpg\u00a0\u00bb _builder_version=\u00a0\u00bb4.14.4&Prime; _module_preset=\u00a0\u00bbdefault\u00a0\u00bb header_font=\u00a0\u00bbMontserrat||||||||\u00a0\u00bb body_font=\u00a0\u00bb||||||||\u00a0\u00bb position_font=\u00a0\u00bbGeorgia||||||||\u00a0\u00bb width=\u00a0\u00bb100%\u00a0\u00bb module_alignment=\u00a0\u00bbcenter\u00a0\u00bb max_height=\u00a0\u00bb918px\u00a0\u00bb global_colors_info=\u00a0\u00bb{}\u00a0\u00bb]<\/p>\n<p><strong>Une explosion de mouvement et de convivialit\u00e9 !<\/strong> \ud83d\udc83<\/p>\n<p>D\u00e9couvrez l&rsquo;univers envo\u00fbtant de Lisa Vereertbrugghen et de son spectacle \u00ab\u00a0<em>While we are here<\/em>\u00a0\u00bb ! Cette premi\u00e8re en France vous plonge dans un tourbillon de joie et de rencontres, o\u00f9 cinq femmes cr\u00e9ent un espace unique d&rsquo;interactions physiques et \u00e9motionnelles.<\/p>\n<p>\ud83d\udc6f\u200d\u2640\ufe0f <strong>Qui sont-elles ?<\/strong><br \/>Lisa Vereertbrugghen, une chor\u00e9graphe flamande audacieuse, emm\u00e8ne son public dans une exploration po\u00e9tique et savante de la danse techno-folk hybride.<\/p>\n<p><strong>Qu&rsquo;est-ce que \u00ab\u00a0<em>While we are here<\/em>\u00a0\u00bb ?<\/strong><br \/>Une exp\u00e9rience immersive o\u00f9 la fr\u00e9n\u00e9sie devient contagieuse, r\u00e9v\u00e9lant le d\u00e9sir intemporel de danser ensemble. Chaque mouvement compte, chaque d\u00e9tail est magnifi\u00e9 dans cette fusion entre rave hardcore et danses folkloriques.<\/p>\n<p><strong>Tarif<\/strong><br \/>10 \u20ac &#8211; (Pass culture, e-Pass jeunes, Coll\u00e8giens de Provence)<\/p>\n<p>\u00c0 partir de 14 ans<\/p>\n<p>[\/et_pb_team_member][et_pb_video_slider _builder_version=\u00a0\u00bb4.14.4&Prime; _module_preset=\u00a0\u00bbdefault\u00a0\u00bb global_colors_info=\u00a0\u00bb{}\u00a0\u00bb][et_pb_video_slider_item src=\u00a0\u00bbhttps:\/\/youtu.be\/3k9O6fFyUHk?si=YjKNBAZdXBf4qTUF\u00a0\u00bb _builder_version=\u00a0\u00bb4.14.4&Prime; _module_preset=\u00a0\u00bbdefault\u00a0\u00bb global_colors_info=\u00a0\u00bb{}\u00a0\u00bb show_image_overlay=\u00a0\u00bboff\u00a0\u00bb][\/et_pb_video_slider_item][\/et_pb_video_slider][\/et_pb_column][\/et_pb_row][et_pb_row _builder_version=\u00a0\u00bb4.14.4&Prime; _module_preset=\u00a0\u00bbdefault\u00a0\u00bb width=\u00a0\u00bb53%\u00a0\u00bb max_width=\u00a0\u00bb1704px\u00a0\u00bb custom_margin=\u00a0\u00bb0px||0px||true|false\u00a0\u00bb custom_padding=\u00a0\u00bb0px||0px||true|false\u00a0\u00bb global_colors_info=\u00a0\u00bb{}\u00a0\u00bb][et_pb_column type=\u00a0\u00bb4_4&Prime; _builder_version=\u00a0\u00bb4.14.4&Prime; _module_preset=\u00a0\u00bbdefault\u00a0\u00bb global_colors_info=\u00a0\u00bb{}\u00a0\u00bb][et_pb_divider color=\u00a0\u00bbgcid-1ed58627-65dc-4b78-a58c-8bd6aa28d8a3&Prime; _builder_version=\u00a0\u00bb4.14.4&Prime; _module_preset=\u00a0\u00bbdefault\u00a0\u00bb global_colors_info=\u00a0\u00bb{%22gcid-1ed58627-65dc-4b78-a58c-8bd6aa28d8a3%22:%91%22color%22%93}\u00a0\u00bb][\/et_pb_divider][\/et_pb_column][\/et_pb_row][et_pb_row column_structure=\u00a0\u00bb1_3,1_3,1_3&Prime; _builder_version=\u00a0\u00bb4.14.4&Prime; _module_preset=\u00a0\u00bbdefault\u00a0\u00bb min_height=\u00a0\u00bb1538px\u00a0\u00bb height=\u00a0\u00bb1000px\u00a0\u00bb max_height=\u00a0\u00bb1000px\u00a0\u00bb custom_margin=\u00a0\u00bb-11px||28px||false|false\u00a0\u00bb global_colors_info=\u00a0\u00bb{}\u00a0\u00bb][et_pb_column type=\u00a0\u00bb1_3&Prime; _builder_version=\u00a0\u00bb4.14.4&Prime; _module_preset=\u00a0\u00bbdefault\u00a0\u00bb global_colors_info=\u00a0\u00bb{}\u00a0\u00bb][et_pb_team_member name=\u00a0\u00bbAge of Content &#8211; Ballet National de Marseille (LA)HORDE\u00a0\u00bb position=\u00a0\u00bbMAR. 25 JUIN 20h, MER. 26 JUIN 15h et 20h, JEU. 27 JUIN 19h &#8211; Th\u00e9\u00e2tre National de la Cri\u00e9e\u00a0\u00bb image_url=\u00a0\u00bbhttps:\/\/en-classe.festivaldemarseille.com\/wp-content\/uploads\/2024\/04\/DSC2968_\u00a9Gaelle-Astier-Perret_4-5.png\u00a0\u00bb _builder_version=\u00a0\u00bb4.14.4&Prime; _module_preset=\u00a0\u00bbdefault\u00a0\u00bb header_font=\u00a0\u00bbMontserrat||||||||\u00a0\u00bb body_font=\u00a0\u00bb||||||||\u00a0\u00bb position_font=\u00a0\u00bbGeorgia||||||||\u00a0\u00bb width=\u00a0\u00bb100%\u00a0\u00bb global_colors_info=\u00a0\u00bb{}\u00a0\u00bb]<\/p>\n<div class=\"flex flex-grow flex-col max-w-full\">\n<div data-message-author-role=\"assistant\" data-message-id=\"08b5a3ab-61db-47b0-807d-aa4ca233d5e7\" dir=\"auto\" class=\"min-h-[20px] text-message flex flex-col items-start gap-3 whitespace-pre-wrap break-words [.text-message+&amp;]:mt-5 overflow-x-auto\">\n<div class=\"markdown prose w-full break-words dark:prose-invert light\">\n<div class=\"flex-col gap-1 md:gap-3\">\n<div class=\"flex flex-grow flex-col max-w-full\">\n<div data-message-author-role=\"assistant\" data-message-id=\"a4ee6b12-af86-4f82-a3d9-0d9a34d55798\" dir=\"auto\" class=\"min-h-[20px] text-message flex flex-col items-start gap-3 whitespace-pre-wrap break-words [.text-message+&amp;]:mt-5 overflow-x-auto\">\n<div class=\"result-streaming markdown prose w-full break-words dark:prose-invert light\">\n<p><strong>Une r\u00e9invention virtuelle explosive !<\/strong> \ud83d\udc83\ud83d\ude80 <strong><\/strong><\/p>\n<p>Pr\u00e9parez-vous \u00e0 \u00eatre propuls\u00e9\u00b7es dans une r\u00e9alit\u00e9 parall\u00e8le avec \u00ab\u00a0<em>Age of Content<\/em>\u00a0\u00bb du Ballet national de Marseille &#8211; (LA)HORDE ! Cette cr\u00e9ation r\u00e9volutionnaire r\u00e9invente le virtuel non comme une simple \u00e9vasion, mais comme une nouvelle dimension o\u00f9 la danse fusionne avec les codes de la communication en ligne et hors ligne.<\/p>\n<p>\ud83d\udc7e <strong>Qu&rsquo;est-ce que \u00ab\u00a0<em>Age of Content<\/em>\u00a0\u00bb ?<\/strong><br \/>Une vision futuriste qui agit comme un uppercut ! (LA)HORDE explore les sujets soci\u00e9taux avec \u00e9nergie et curiosit\u00e9, empruntant les codes de la communication en ligne, l&rsquo;expression des corps dans l&rsquo;environnement num\u00e9rique et les gestes viraux des challenges chor\u00e9graphiques de TikTok.<\/p>\n<p><strong>Pourquoi y aller ?<\/strong><br \/>Quatre parties parfaitement ajust\u00e9es, dix-huit interpr\u00e8tes millim\u00e9tr\u00e9s et une dimension subversive parfaitement assum\u00e9e. \u00ab\u00a0<em>Age of Content<\/em>\u00a0\u00bb vous emportera dans un voyage fascinant, o\u00f9 l&rsquo;\u00e9trange se m\u00eale \u00e0 l&rsquo;enthousiasme, le vertige et l&rsquo;effroi, jusqu&rsquo;\u00e0 l&rsquo;assaut final sur une composition de Philip Glass !<\/p>\n<\/div>\n<\/div>\n<\/div>\n<\/div>\n<div class=\"single-prices \">\n<div class=\"single-prices__content\">\n<p><strong>Tarif<br \/><\/strong>10 \u20ac &#8211; (Pass culture, e-Pass jeunes, Coll\u00e8giens de Provence)<\/p>\n<p>&nbsp;<\/p>\n<\/div>\n<\/div>\n<\/div>\n<\/div>\n<\/div>\n<div class=\"mt-1 flex gap-3 empty:hidden\">\n<div class=\"text-gray-400 flex self-end lg:self-center items-center justify-center lg:justify-start mt-0 -ml-1 h-7 gap-[2px] visible\"><span class=\"\" data-state=\"closed\"><\/span><\/div>\n<\/div>\n<div class=\"flex\"><\/div>\n<p>[\/et_pb_team_member][et_pb_video_slider _builder_version=\u00a0\u00bb4.14.4&Prime; _module_preset=\u00a0\u00bbdefault\u00a0\u00bb width=\u00a0\u00bb100%\u00a0\u00bb max_width=\u00a0\u00bb100%\u00a0\u00bb min_height=\u00a0\u00bb1000px\u00a0\u00bb height=\u00a0\u00bb1000px\u00a0\u00bb max_height=\u00a0\u00bb247px\u00a0\u00bb global_colors_info=\u00a0\u00bb{}\u00a0\u00bb][et_pb_video_slider_item admin_title=\u00a0\u00bbG.R.O.O.V.E Bintou Demb\u00e9l\u00e9\u00a0\u00bb src=\u00a0\u00bbhttps:\/\/en-classe.festivaldemarseille.com\/wp-content\/uploads\/2024\/04\/Trailer-la-horde.mp4&Prime; _builder_version=\u00a0\u00bb4.14.4&Prime; _module_preset=\u00a0\u00bbdefault\u00a0\u00bb global_colors_info=\u00a0\u00bb{}\u00a0\u00bb show_image_overlay=\u00a0\u00bboff\u00a0\u00bb][\/et_pb_video_slider_item][\/et_pb_video_slider][\/et_pb_column][et_pb_column type=\u00a0\u00bb1_3&Prime; _builder_version=\u00a0\u00bb4.14.4&Prime; _module_preset=\u00a0\u00bbdefault\u00a0\u00bb global_colors_info=\u00a0\u00bb{}\u00a0\u00bb][et_pb_team_member name=\u00a0\u00bbBLKDOG &#8211; Botis Seva &#8211; Far From The Norm\u00a0\u00bb position=\u00a0\u00bbDIM. 30 JUIN, LUN. 1 JUILLET 20h30 &#8211; Friche la Belle de Mai\u00a0\u00bb image_url=\u00a0\u00bbhttps:\/\/en-classe.festivaldemarseille.com\/wp-content\/uploads\/2024\/04\/FdM2024_BLKDOG_Botis-Seva-Far-From-The-Norm\u00a9Camilla-Greenwell_14-scaled.jpg\u00a0\u00bb _builder_version=\u00a0\u00bb4.14.4&Prime; _module_preset=\u00a0\u00bbdefault\u00a0\u00bb header_font=\u00a0\u00bbMontserrat||||||||\u00a0\u00bb body_font=\u00a0\u00bb||||||||\u00a0\u00bb position_font=\u00a0\u00bbGeorgia||||||||\u00a0\u00bb width=\u00a0\u00bb100%\u00a0\u00bb link_option_url=\u00a0\u00bbfile:\/\/\/Users\/stagiaire\/Downloads\/EMANUEL%20GAT%20.pdf\u00a0\u00bb global_colors_info=\u00a0\u00bb{}\u00a0\u00bb]<\/p>\n<div class=\"layoutArea\">\n<div class=\"flex flex-grow flex-col max-w-full\">\n<div data-message-author-role=\"assistant\" data-message-id=\"67f54a12-9b11-4d29-9faf-324d3fd8faca\" dir=\"auto\" class=\"min-h-[20px] text-message flex flex-col items-start gap-3 whitespace-pre-wrap break-words [.text-message+&amp;]:mt-5 overflow-x-auto\">\n<div class=\"markdown prose w-full break-words dark:prose-invert light\">\n<p><strong>Un clair-obscur \u00e9motionnel au c\u0153ur de la jeunesse !<\/strong><\/p>\n<p>D\u00e9couvrez l&rsquo;univers captivant de Botis Seva et de sa pi\u00e8ce \u00ab\u00a0<em>BLKDOG<\/em>\u00a0\u00bb ! Ce spectacle intense explore la perte de l&rsquo;innocence avec un engagement visc\u00e9ral, tout en conservant l&rsquo;\u00e2me vibrante de l&rsquo;enfance.<\/p>\n<p><strong>Qui sont-ils ?<\/strong><br \/>Botis Seva, une figure montante de la sc\u00e8ne hip-hop internationale, entra\u00eene ses complices dans une exploration des \u00e9motions sombres \u00e0 travers des esth\u00e9tiques multiples des danses urbaines\u00a0 et des percussions martiales.<\/p>\n<p>\ud83c\udf0c <strong>Qu&rsquo;est-ce que \u00ab\u00a0<em>BLKDOG<\/em>\u00a0\u00bb ?<\/strong><br \/>Une pi\u00e8ce o\u00f9 la col\u00e8re, le chagrin et les traumas de l&rsquo;enfance sont exprim\u00e9s \u00e0 travers des d\u00e9flagrations de sons, de rythmes et de mouvements. Sept interpr\u00e8tes polyvalentes se d\u00e9cha\u00eenent sur sc\u00e8ne avec une pr\u00e9cision infaillible, m\u00ealant gestuelle hip-hop, danse contemporaine et krump.<\/p>\n<\/div>\n<\/div>\n<\/div>\n<p><strong>Tarif<\/strong><br \/>10 \u20ac &#8211; (Pass culture, e-Pass jeunes, Coll\u00e8giens de Provence)<span style=\"font-size: 11.000000pt; font-family: 'UtopiaStd';\"><\/span><\/p>\n<\/div>\n<p>[\/et_pb_team_member][et_pb_video src=\u00a0\u00bbhttps:\/\/en-classe.festivaldemarseille.com\/wp-content\/uploads\/2024\/04\/Short-trailer-BLKDOG.mp4&Prime; _builder_version=\u00a0\u00bb4.14.4&Prime; _module_preset=\u00a0\u00bbdefault\u00a0\u00bb global_colors_info=\u00a0\u00bb{}\u00a0\u00bb][\/et_pb_video][\/et_pb_column][et_pb_column type=\u00a0\u00bb1_3&Prime; _builder_version=\u00a0\u00bb4.14.4&Prime; _module_preset=\u00a0\u00bbdefault\u00a0\u00bb global_colors_info=\u00a0\u00bb{}\u00a0\u00bb][et_pb_team_member name=\u00a0\u00bbF\u00eau &#8211; Fouad Boussouf\u00a0\u00bb position=\u00a0\u00bbDIM. 23, LUN 24 JUIN 21h30 &#8211; Th\u00e9\u00e2tre de la Sucri\u00e8re\u00a0\u00bb image_url=\u00a0\u00bbhttps:\/\/en-classe.festivaldemarseille.com\/wp-content\/uploads\/2024\/04\/Fdm2024_Feu7_FouadBoussouf\u00a9-Antoine-Friboulet-scaled.jpg\u00a0\u00bb _builder_version=\u00a0\u00bb4.14.4&Prime; _module_preset=\u00a0\u00bbdefault\u00a0\u00bb header_font=\u00a0\u00bbMontserrat||||||||\u00a0\u00bb body_font=\u00a0\u00bb||||||||\u00a0\u00bb position_font=\u00a0\u00bbGeorgia||||||||\u00a0\u00bb width=\u00a0\u00bb100%\u00a0\u00bb max_width=\u00a0\u00bb100%\u00a0\u00bb module_alignment=\u00a0\u00bbcenter\u00a0\u00bb height=\u00a0\u00bb1000px\u00a0\u00bb max_height=\u00a0\u00bb1000px\u00a0\u00bb custom_margin=\u00a0\u00bb0px||||false|false\u00a0\u00bb custom_padding=\u00a0\u00bb0px||||false|false\u00a0\u00bb global_colors_info=\u00a0\u00bb{}\u00a0\u00bb]<\/p>\n<p><strong>Une soir\u00e9e de cl\u00f4ture en feu ! \ud83d\udd25<\/strong><\/p>\n<p>Les jeunes, ne manquez pas la soir\u00e9e de cl\u00f4ture du festival pour d\u00e9couvrir \u00ab\u00a0<em>F\u00eau<\/em>\u00a0\u00bb de Fouad Boussouf !\u00a0 Cette cr\u00e9ation enflammera vos sens et vous transportera dans un tourbillon de mouvement et de passion.<\/p>\n<p><strong>Qu&rsquo;est-ce que \u00ab\u00a0F\u00eau\u00a0\u00bb ?<\/strong><br \/>Fouad Boussouf nous entra\u00eene dans une ronde permanente, quasi mystique, avec dix danseuses tournoyant comme une nu\u00e9e de libellules. Une exp\u00e9rience sensorielle intense, o\u00f9 la pr\u00e9sence et la fi\u00e8vre sont r\u00e9v\u00e9l\u00e9es dans la lumi\u00e8re et le clair-obscur.<\/p>\n<p>\ud83d\udc6f <strong>Qui est Fouad Boussouf ?<\/strong><br \/>Un chor\u00e9graphe qui puise son inspiration dans les rythmes de son enfance au Maroc, cr\u00e9ant des soir\u00e9es festives et spectaculaires o\u00f9 la communion d&rsquo;esprit et de corps est reine. Avec \u00ab\u00a0<em>F\u00eau<\/em>\u00ab\u00a0, il explore l&rsquo;\u00e9nergie incandescente du groupe \u00e0 travers une ronde joyeuse et exaltante.<\/p>\n<p><strong>Tarif<\/strong><br \/>10 \u20ac &#8211; (Pass culture, e-Pass jeunes, Coll\u00e8giens de Provence)<\/p>\n<p>\u00c0 partir de 14 ans<\/p>\n<p>&nbsp;<\/p>\n<p>[\/et_pb_team_member][et_pb_video_slider _builder_version=\u00a0\u00bb4.14.4&Prime; _module_preset=\u00a0\u00bbdefault\u00a0\u00bb custom_margin=\u00a0\u00bb15px||||false|false\u00a0\u00bb global_colors_info=\u00a0\u00bb{}\u00a0\u00bb][et_pb_video_slider_item admin_title=\u00a0\u00bbG.R.O.O.V.E Bintou Demb\u00e9l\u00e9\u00a0\u00bb src=\u00a0\u00bbhttps:\/\/youtu.be\/3k9O6fFyUHk?si=mBNc5mJ7VCT3-C0t\u00a0\u00bb _builder_version=\u00a0\u00bb4.14.4&Prime; _module_preset=\u00a0\u00bbdefault\u00a0\u00bb global_colors_info=\u00a0\u00bb{}\u00a0\u00bb show_image_overlay=\u00a0\u00bboff\u00a0\u00bb][\/et_pb_video_slider_item][\/et_pb_video_slider][et_pb_divider _builder_version=\u00a0\u00bb4.14.4&Prime; _module_preset=\u00a0\u00bbdefault\u00a0\u00bb background_color=\u00a0\u00bbgcid-1ed58627-65dc-4b78-a58c-8bd6aa28d8a3&Prime; global_colors_info=\u00a0\u00bb{%22gcid-1ed58627-65dc-4b78-a58c-8bd6aa28d8a3%22:%91%22background_color%22%93}\u00a0\u00bb][\/et_pb_divider][et_pb_text _builder_version=\u00a0\u00bb4.14.4&Prime; _module_preset=\u00a0\u00bbdefault\u00a0\u00bb text_font_size=\u00a0\u00bb17px\u00a0\u00bb text_line_height=\u00a0\u00bb1.3em\u00a0\u00bb background_color=\u00a0\u00bbgcid-1ed58627-65dc-4b78-a58c-8bd6aa28d8a3&Prime; custom_margin=\u00a0\u00bb0px||0px||true|true\u00a0\u00bb custom_padding=\u00a0\u00bb0px||||false|false\u00a0\u00bb border_radii=\u00a0\u00bbon|4px|4px|4px|4px\u00a0\u00bb border_width_all=\u00a0\u00bb4px\u00a0\u00bb global_colors_info=\u00a0\u00bb{%22gcid-1ed58627-65dc-4b78-a58c-8bd6aa28d8a3%22:%91%22background_color%22%93}\u00a0\u00bb]<\/p>\n<p>&nbsp;<\/p>\n<p style=\"text-align: center;\">Pour plus d&rsquo;information ou r\u00e9servation,<br \/>contacte-nous au 04 91 99 02 59<br \/>ou rp5[@]festivaldemarseille.com<\/p>\n<p>&nbsp;<\/p>\n<p>[\/et_pb_text][\/et_pb_column][\/et_pb_row][et_pb_row _builder_version=\u00a0\u00bb4.14.4&Prime; _module_preset=\u00a0\u00bbdefault\u00a0\u00bb global_colors_info=\u00a0\u00bb{}\u00a0\u00bb][et_pb_column type=\u00a0\u00bb4_4&Prime; _builder_version=\u00a0\u00bb4.14.4&Prime; _module_preset=\u00a0\u00bbdefault\u00a0\u00bb global_colors_info=\u00a0\u00bb{}\u00a0\u00bb][et_pb_divider _builder_version=\u00a0\u00bb4.14.4&Prime; _module_preset=\u00a0\u00bbdefault\u00a0\u00bb global_colors_info=\u00a0\u00bb{}\u00a0\u00bb][\/et_pb_divider][\/et_pb_column][\/et_pb_row][\/et_pb_section]<\/p>\n","protected":false},"excerpt":{"rendered":"<p>La programmation compl\u00e8te du Festival sur notre site festivaldemarseille.com.\u00a0 Sur cette page, vous pourrez retrouver des ressources et informations sur les spectacles s\u00e9lectionn\u00e9s pour les publics scolaires.Les s\u00e9ances scolaires en journ\u00e9ePour l&rsquo;\u00e9dition 2024 du Festival, deux s\u00e9ances sont r\u00e9serv\u00e9es au public scolaire. Il s&rsquo;agit d&rsquo;abord de la sortie de r\u00e9sidence de Freedom Sonata, dernier spectacle [&hellip;]<\/p>\n","protected":false},"author":1,"featured_media":2613,"comment_status":"closed","ping_status":"closed","sticky":false,"template":"","format":"standard","meta":{"_et_pb_use_builder":"on","_et_pb_old_content":"","_et_gb_content_width":"","jetpack_post_was_ever_published":false,"_jetpack_newsletter_access":"","_jetpack_dont_email_post_to_subs":false,"_jetpack_newsletter_tier_id":0,"_jetpack_memberships_contains_paywalled_content":false,"_jetpack_memberships_contains_paid_content":false,"footnotes":""},"categories":[20],"tags":[],"class_list":["post-2610","post","type-post","status-publish","format-standard","has-post-thumbnail","hentry","category-programmation"],"jetpack_featured_media_url":"https:\/\/en-classe.festivaldemarseille.com\/wp-content\/uploads\/2024\/04\/FdM2024-paysage-sanslogos.jpg","jetpack_sharing_enabled":true,"_links":{"self":[{"href":"https:\/\/en-classe.festivaldemarseille.com\/index.php\/wp-json\/wp\/v2\/posts\/2610","targetHints":{"allow":["GET"]}}],"collection":[{"href":"https:\/\/en-classe.festivaldemarseille.com\/index.php\/wp-json\/wp\/v2\/posts"}],"about":[{"href":"https:\/\/en-classe.festivaldemarseille.com\/index.php\/wp-json\/wp\/v2\/types\/post"}],"author":[{"embeddable":true,"href":"https:\/\/en-classe.festivaldemarseille.com\/index.php\/wp-json\/wp\/v2\/users\/1"}],"replies":[{"embeddable":true,"href":"https:\/\/en-classe.festivaldemarseille.com\/index.php\/wp-json\/wp\/v2\/comments?post=2610"}],"version-history":[{"count":29,"href":"https:\/\/en-classe.festivaldemarseille.com\/index.php\/wp-json\/wp\/v2\/posts\/2610\/revisions"}],"predecessor-version":[{"id":5013,"href":"https:\/\/en-classe.festivaldemarseille.com\/index.php\/wp-json\/wp\/v2\/posts\/2610\/revisions\/5013"}],"wp:featuredmedia":[{"embeddable":true,"href":"https:\/\/en-classe.festivaldemarseille.com\/index.php\/wp-json\/wp\/v2\/media\/2613"}],"wp:attachment":[{"href":"https:\/\/en-classe.festivaldemarseille.com\/index.php\/wp-json\/wp\/v2\/media?parent=2610"}],"wp:term":[{"taxonomy":"category","embeddable":true,"href":"https:\/\/en-classe.festivaldemarseille.com\/index.php\/wp-json\/wp\/v2\/categories?post=2610"},{"taxonomy":"post_tag","embeddable":true,"href":"https:\/\/en-classe.festivaldemarseille.com\/index.php\/wp-json\/wp\/v2\/tags?post=2610"}],"curies":[{"name":"wp","href":"https:\/\/api.w.org\/{rel}","templated":true}]}}