{"id":2,"date":"2021-03-08T12:55:26","date_gmt":"2021-03-08T11:55:26","guid":{"rendered":"http:\/\/en-classe.festivaldemarseille.com\/?page_id=2"},"modified":"2025-01-06T11:19:56","modified_gmt":"2025-01-06T10:19:56","slug":"page-d-exemple","status":"publish","type":"post","link":"https:\/\/en-classe.festivaldemarseille.com\/index.php\/2021\/03\/08\/page-d-exemple\/","title":{"rendered":"Programmation du Festival \u00e9t\u00e9 2021 pour les jeunes"},"content":{"rendered":"\r\n<h1 class=\"wp-block-heading\">Come On Feet<\/h1>\r\n\r\n\r\n\r\n<p><strong>Une rencontre de la culture de clubbing urbaine et de la danse contemporaine dans une chor\u00e9graphie de Bui Ngoc Quan<\/strong><\/p>\r\n\r\n\r\n\r\n<p><em>Come On Feet<\/em> est n\u00e9 de la passion pour <strong>Electronic dance music (EDM)<\/strong> et de la fascination que suscite ce mouvement musical live dans tous ses sous-genres. Embarquement imm\u00e9diat pour un spectacle hybride qui conjugue ambiance clubbing, danse contemporaine et footwork dans une performance orchestr\u00e9e par Quan Bui Ngoc. Une exp\u00e9rience stimulante pour les six danseur.euse.s et deux musiciens happ\u00e9.e.s par un paysage sonore aux multiples couleurs.<\/p>\r\n\r\n\r\n\r\n<p><strong>S\u00e9ance scolaire<\/strong> suivie d&rsquo;un \u00e9change avec les artistes<\/p>\r\n\r\n\r\n\r\n<p>Vendredi 18 juin &#8211; 14h30 au Mucem<\/p>\r\n\r\n\r\n\r\n<div class=\"wp-block-spacer\" style=\"height: 100px;\" aria-hidden=\"true\">\u00a0<\/div>\r\n\r\n\r\n\r\n<p>[love_me]<\/p>\r\n\r\n\r\n\r\n<h1 class=\"wp-block-heading\">NULLE PART EST UN ENDROIT &#8211; une conf\u00e9rence dans\u00e9e sur l&rsquo;histoire du Krump par Nach<\/h1>\r\n\r\n\r\n\r\n<figure class=\"wp-block-image size-large\"><img loading=\"lazy\" decoding=\"async\" width=\"960\" height=\"960\" class=\"wp-image-107\" src=\"https:\/\/en-classe.festivaldemarseille.com\/wp-content\/uploads\/2021\/03\/CELLULE_MARK_MABOROUGH_DSF4482.jpeg\" alt=\"\" srcset=\"https:\/\/en-classe.festivaldemarseille.com\/wp-content\/uploads\/2021\/03\/CELLULE_MARK_MABOROUGH_DSF4482.jpeg 960w, https:\/\/en-classe.festivaldemarseille.com\/wp-content\/uploads\/2021\/03\/CELLULE_MARK_MABOROUGH_DSF4482-300x300.jpeg 300w, https:\/\/en-classe.festivaldemarseille.com\/wp-content\/uploads\/2021\/03\/CELLULE_MARK_MABOROUGH_DSF4482-150x150.jpeg 150w, https:\/\/en-classe.festivaldemarseille.com\/wp-content\/uploads\/2021\/03\/CELLULE_MARK_MABOROUGH_DSF4482-768x768.jpeg 768w, https:\/\/en-classe.festivaldemarseille.com\/wp-content\/uploads\/2021\/03\/CELLULE_MARK_MABOROUGH_DSF4482-60x60.jpeg 60w\" sizes=\"auto, (max-width: 960px) 100vw, 960px\" \/><\/figure>\r\n\r\n\r\n\r\n<p>\u00c0 travers le prisme du krump, danse apparue \u00e0 Los Angeles dans les ann\u00e9es 2000, Nach nous fera le r\u00e9cit de la mani\u00e8re dont son corps traverse sensation, sinc\u00e9rit\u00e9 et imaginaire. Comment les voyages la fascinent et comment ils la fa\u00e7onnent. Comment les rencontres qui s\u2019y produisent avec d\u2019autres corps et d\u2019autres pratiques (le Flamenco, le But\u00f4 \u2026) la forgent et b\u00e2tissent son identit\u00e9 artistique.<\/p>\r\n\r\n\r\n\r\n<p><strong>Conf\u00e9rence dans\u00e9e<\/strong> &#8211; S\u00e9ance scolaire suivie d&rsquo;un \u00e9change avec les artistes<\/p>\r\n\r\n\r\n\r\n<p>Lundi 21 juin &#8211; 14h au ZEF<\/p>\r\n\r\n\r\n\r\n<p>Inscriptions ouvertes : rp2 [ at ] festivaldemarseille.com<\/p>\r\n\r\n\r\n\r\n<p>+ d&rsquo;infos prochainement sur <a href=\"https:\/\/www.festivaldemarseille.com\/\" target=\"_blank\" rel=\"noreferrer noopener\">festivaldemarseille.com<\/a><\/p>\r\n\r\n\r\n\r\n<div class=\"wp-block-spacer\" style=\"height: 100px;\" aria-hidden=\"true\">\u00a0<\/div>\r\n\r\n\r\n\r\n<p>[love_me]<\/p>\r\n\r\n\r\n\r\n<h1 class=\"wp-block-heading\">SUASH de nasa4nasa<\/h1>\r\n\r\n\r\n\r\n<figure class=\"wp-block-image size-large\"><img loading=\"lazy\" decoding=\"async\" width=\"1024\" height=\"683\" class=\"wp-image-108\" src=\"https:\/\/en-classe.festivaldemarseille.com\/wp-content\/uploads\/2021\/03\/FdM2020_Suash_Nasa4Nasa\u00a9BUDA-Luc-Depreitere_2-1024x683.jpg\" alt=\"\" srcset=\"https:\/\/en-classe.festivaldemarseille.com\/wp-content\/uploads\/2021\/03\/FdM2020_Suash_Nasa4Nasa\u00a9BUDA-Luc-Depreitere_2-1024x683.jpg 1024w, https:\/\/en-classe.festivaldemarseille.com\/wp-content\/uploads\/2021\/03\/FdM2020_Suash_Nasa4Nasa\u00a9BUDA-Luc-Depreitere_2-300x200.jpg 300w, https:\/\/en-classe.festivaldemarseille.com\/wp-content\/uploads\/2021\/03\/FdM2020_Suash_Nasa4Nasa\u00a9BUDA-Luc-Depreitere_2-768x512.jpg 768w, https:\/\/en-classe.festivaldemarseille.com\/wp-content\/uploads\/2021\/03\/FdM2020_Suash_Nasa4Nasa\u00a9BUDA-Luc-Depreitere_2-1536x1024.jpg 1536w, https:\/\/en-classe.festivaldemarseille.com\/wp-content\/uploads\/2021\/03\/FdM2020_Suash_Nasa4Nasa\u00a9BUDA-Luc-Depreitere_2-90x60.jpg 90w, https:\/\/en-classe.festivaldemarseille.com\/wp-content\/uploads\/2021\/03\/FdM2020_Suash_Nasa4Nasa\u00a9BUDA-Luc-Depreitere_2-420x280.jpg 420w, https:\/\/en-classe.festivaldemarseille.com\/wp-content\/uploads\/2021\/03\/FdM2020_Suash_Nasa4Nasa\u00a9BUDA-Luc-Depreitere_2.jpg 1800w\" sizes=\"auto, (max-width: 1024px) 100vw, 1024px\" \/><\/figure>\r\n\r\n\r\n\r\n<p>Le point de d\u00e9part de ce spectacle est le court de squash. Nasa4Nasa s\u2019est demand\u00e9 quels mouvements \u00e9taient possibles dans cet espace qui impose strat\u00e9gie, r\u00e9p\u00e9tition et structure, quelle esth\u00e9tique allait se d\u00e9gager de la rencontre entre les corps dansants et ce lieu d\u00e9di\u00e9 au sport. Cet espace immuable pour le jeu les a invit\u00e9s \u00e0 exp\u00e9rimenter les contraintes qu\u2019il impose aux performeurs. Au fur et \u00e0 mesure, il s\u2019est agi naturellement pour les danseurs de d\u00e9passer les cadres spatiaux par leurs mouvements et leur \u00e9nergie, d&rsquo;\u00e9puiser l&rsquo;espace jusqu&rsquo;\u00e0 le d\u00e9truire. La r\u00e9flexion sur la dialectique entre le corps et le lieu a \u00e9t\u00e9 inspir\u00e9 par le travail de Trisha Brown : le mouvement peut \u00eatre \u00e0 la fois banal et po\u00e9tique, le mouvement peut \u00eatre aussi pur mouvement, sans autre sens que lui-m\u00eame. Et c\u2019est ce que le court de squash comme \u00e9crin permet de confirmer.<\/p>\r\n\r\n\r\n\r\n<p>Nasa4nasa est un duo de danseuses, Salma Abdel Salam et Noura Seif Hassanein, install\u00e9 au Caire. Elles font partie des artistes \u00e9mergentes d&rsquo;Afrique du Nord et ont \u00e9t\u00e9 rep\u00e9r\u00e9es par le Hammer Museum \u00e0 Los Angeles et l&rsquo;Institut KW pour l&rsquo;art contemporain \u00e0 Berlin.<\/p>\r\n\r\n\r\n\r\n<p><strong>S\u00e9ance scolaire<\/strong> suivie d&rsquo;un \u00e9change avec les artistes<\/p>\r\n\r\n\r\n\r\n<p>Jeudi 24 juin &#8211; 14h au Th\u00e9\u00e2tre des Bernardines<\/p>\r\n\r\n\r\n\r\n<p>Inscriptions ouvertes : rp2 [ at ] festivaldemarseille.com<\/p>\r\n\r\n\r\n\r\n<p>+ d&rsquo;infos prochainement sur <a href=\"https:\/\/www.festivaldemarseille.com\/\" target=\"_blank\" rel=\"noreferrer noopener\">festivaldemarseille.com<\/a><\/p>\r\n\r\n\r\n\r\n<p>[love_me]<\/p>\r\n","protected":false},"excerpt":{"rendered":"<p>Come On Feet<\/p>\n<p>Une rencontre de la culture de clubbing urbaine et de la danse contemporaine dans une chor\u00e9graphie de Bui Ngoc Quan<\/p>\n<p>\u2018Come On Feet\u2018 est n\u00e9 de la passion pour Electronic dance music (EDM) et de la fascination que suscite ce mouvement musical live dans tous ses sous-genres.<\/p>\n<p>S\u00e9ance scolaire suivie d&rsquo;un \u00e9change avec les artistes<\/p>\n<p>Jeudi 17 juin &#8211; 14h30 au Mucem<\/p>\n","protected":false},"author":1,"featured_media":106,"comment_status":"open","ping_status":"open","sticky":false,"template":"","format":"standard","meta":{"_et_pb_use_builder":"","_et_pb_old_content":"","_et_gb_content_width":"","jetpack_post_was_ever_published":false,"_jetpack_newsletter_access":"","_jetpack_dont_email_post_to_subs":false,"_jetpack_newsletter_tier_id":0,"_jetpack_memberships_contains_paywalled_content":false,"_jetpack_memberships_contains_paid_content":false,"footnotes":""},"categories":[20],"tags":[],"class_list":["post-2","post","type-post","status-publish","format-standard","has-post-thumbnail","hentry","category-programmation"],"jetpack_featured_media_url":"https:\/\/en-classe.festivaldemarseille.com\/wp-content\/uploads\/2021\/03\/granvat_ComeOnFeetcDYOD-scaled.jpg","jetpack_sharing_enabled":true,"_links":{"self":[{"href":"https:\/\/en-classe.festivaldemarseille.com\/index.php\/wp-json\/wp\/v2\/posts\/2","targetHints":{"allow":["GET"]}}],"collection":[{"href":"https:\/\/en-classe.festivaldemarseille.com\/index.php\/wp-json\/wp\/v2\/posts"}],"about":[{"href":"https:\/\/en-classe.festivaldemarseille.com\/index.php\/wp-json\/wp\/v2\/types\/post"}],"author":[{"embeddable":true,"href":"https:\/\/en-classe.festivaldemarseille.com\/index.php\/wp-json\/wp\/v2\/users\/1"}],"replies":[{"embeddable":true,"href":"https:\/\/en-classe.festivaldemarseille.com\/index.php\/wp-json\/wp\/v2\/comments?post=2"}],"version-history":[{"count":9,"href":"https:\/\/en-classe.festivaldemarseille.com\/index.php\/wp-json\/wp\/v2\/posts\/2\/revisions"}],"predecessor-version":[{"id":3221,"href":"https:\/\/en-classe.festivaldemarseille.com\/index.php\/wp-json\/wp\/v2\/posts\/2\/revisions\/3221"}],"wp:featuredmedia":[{"embeddable":true,"href":"https:\/\/en-classe.festivaldemarseille.com\/index.php\/wp-json\/wp\/v2\/media\/106"}],"wp:attachment":[{"href":"https:\/\/en-classe.festivaldemarseille.com\/index.php\/wp-json\/wp\/v2\/media?parent=2"}],"wp:term":[{"taxonomy":"category","embeddable":true,"href":"https:\/\/en-classe.festivaldemarseille.com\/index.php\/wp-json\/wp\/v2\/categories?post=2"},{"taxonomy":"post_tag","embeddable":true,"href":"https:\/\/en-classe.festivaldemarseille.com\/index.php\/wp-json\/wp\/v2\/tags?post=2"}],"curies":[{"name":"wp","href":"https:\/\/api.w.org\/{rel}","templated":true}]}}